{"id":90415,"date":"2024-10-04T10:07:05","date_gmt":"2024-10-04T10:07:05","guid":{"rendered":"https:\/\/rdnews.al\/?p=90415"},"modified":"2024-10-04T10:07:05","modified_gmt":"2024-10-04T10:07:05","slug":"vellai-i-tij-i-lidhur-me-5d-ne-kryebashkiaku-i-rames-paraqitet-ne-spak","status":"publish","type":"post","link":"https:\/\/rdnews.al\/index.php\/2024\/10\/04\/vellai-i-tij-i-lidhur-me-5d-ne-kryebashkiaku-i-rames-paraqitet-ne-spak\/","title":{"rendered":"V\u00ebllai i tij i lidhur me \u201c5D-n\u00eb\u201d, kryebashkiaku i Ram\u00ebs paraqitet n\u00eb SPAK"},"content":{"rendered":"<p>Kryetari i Bashkis\u00eb s\u00eb Burrelit, ish-gardisti Agron Malaj \u00ebsht\u00eb paraqitur m\u00ebngjesin e k\u00ebsaj t\u00eb premte n\u00eb Prokurorin\u00eb e Posa\u00e7me.<\/p>\n<p>M\u00ebsohet se ai ndodhet n\u00eb godin\u00ebn e SPAK prej m\u00eb shum\u00eb se 1 ore, teksa ende nuk dihet se p\u00ebr cilat dosje po merret n\u00eb pyetje nga agjent\u00ebt e BKH-s\u00eb.<\/p>\n<p>P\u00ebr Agron Malaj dhe v\u00ebllain e tij Fatos Malaj, ka nj\u00eb kall\u00ebzim n\u00eb SPAK nga Edmond Miza, banor i fshatit Madhesh i Bashkis\u00eb s\u00eb Matit.<\/p>\n<p>Ai pretendon se kryebashkiaku i Matit\u00a0 ka favorizuar v\u00ebllain e tij p\u00ebr nd\u00ebrtimin e nj\u00eb HEC-i, duke shp\u00ebrdoruar detyr\u00ebn dhe duke favorizuar kund\u00ebr ligjit familjar\u00ebt e tij. Edmond Miza pretendon se atij dhe disa banor\u00ebve t\u00eb tjer\u00eb, u \u00ebsht\u00eb falsifikuar firma.<\/p>\n<p>Gjithashtu, Agron Malaj \u00ebsht\u00eb p\u00ebrmendur edhe p\u00ebr tendera n\u00eb konflikt interesi n\u00eb kompanin\u00eb e v\u00ebllait t\u00eb tij Fatos Malaj, nd\u00ebrkoh\u00eb q\u00eb dyshohet p\u00ebr p\u00ebrfshirje n\u00eb skem\u00ebn e kompanis\u00eb \u201c5D Konstruksion\u201d n\u00eb Bashkin\u00eb e Tiran\u00ebs.<\/p>\n<p>Fatos Malaj \u00ebsht\u00eb pronar me 60 % t\u00eb aksioneve tek hoteli luksoz \u201cLa Brisa\u201d n\u00eb Dh\u00ebrmi, teksa 40% t\u00eb aksioneve zot\u00ebrohen nga\u00a0Elvin Tivari, ish-drejtori i Prokurimeve n\u00eb UKT, gjat\u00eb koh\u00ebs q\u00eb drejtohej nga Redi Molla. Gjithashtu, ata kan\u00eb marr\u00eb dhe nj\u00eb tjet\u00ebr leje nd\u00ebrtimi p\u00ebr \u2018La Brisa 2\u2019.<\/p>\n","protected":false},"excerpt":{"rendered":"<p>Kryetari i Bashkis\u00eb s\u00eb Burrelit, ish-gardisti Agron Malaj \u00ebsht\u00eb paraqitur m\u00ebngjesin e k\u00ebsaj t\u00eb premte n\u00eb Prokurorin\u00eb e Posa\u00e7me. M\u00ebsohet se ai ndodhet n\u00eb godin\u00ebn e SPAK prej m\u00eb shum\u00eb se 1 ore, teksa ende nuk dihet se p\u00ebr cilat dosje po merret n\u00eb pyetje nga agjent\u00ebt e BKH-s\u00eb. P\u00ebr Agron Malaj dhe v\u00ebllain e &hellip;<\/p>\n","protected":false},"author":4,"featured_media":90416,"comment_status":"closed","ping_status":"closed","sticky":false,"template":"","format":"standard","meta":{"footnotes":""},"categories":[37],"tags":[],"class_list":["post-90415","post","type-post","status-publish","format-standard","has-post-thumbnail","","category-politike"],"_links":{"self":[{"href":"https:\/\/rdnews.al\/index.php\/wp-json\/wp\/v2\/posts\/90415","targetHints":{"allow":["GET"]}}],"collection":[{"href":"https:\/\/rdnews.al\/index.php\/wp-json\/wp\/v2\/posts"}],"about":[{"href":"https:\/\/rdnews.al\/index.php\/wp-json\/wp\/v2\/types\/post"}],"author":[{"embeddable":true,"href":"https:\/\/rdnews.al\/index.php\/wp-json\/wp\/v2\/users\/4"}],"replies":[{"embeddable":true,"href":"https:\/\/rdnews.al\/index.php\/wp-json\/wp\/v2\/comments?post=90415"}],"version-history":[{"count":0,"href":"https:\/\/rdnews.al\/index.php\/wp-json\/wp\/v2\/posts\/90415\/revisions"}],"wp:featuredmedia":[{"embeddable":true,"href":"https:\/\/rdnews.al\/index.php\/wp-json\/wp\/v2\/media\/90416"}],"wp:attachment":[{"href":"https:\/\/rdnews.al\/index.php\/wp-json\/wp\/v2\/media?parent=90415"}],"wp:term":[{"taxonomy":"category","embeddable":true,"href":"https:\/\/rdnews.al\/index.php\/wp-json\/wp\/v2\/categories?post=90415"},{"taxonomy":"post_tag","embeddable":true,"href":"https:\/\/rdnews.al\/index.php\/wp-json\/wp\/v2\/tags?post=90415"}],"curies":[{"name":"wp","href":"https:\/\/api.w.org\/{rel}","templated":true}]}}