{"id":90418,"date":"2024-10-04T11:02:58","date_gmt":"2024-10-04T11:02:58","guid":{"rendered":"https:\/\/rdnews.al\/?p=90418"},"modified":"2024-10-04T11:02:58","modified_gmt":"2024-10-04T11:02:58","slug":"berisha-thirrje-qytetareve-te-henen-ora-1800-te-gjithe-marshim-ne-tirane-per-te-drejtat-tona-me-themelore","status":"publish","type":"post","link":"https:\/\/rdnews.al\/index.php\/2024\/10\/04\/berisha-thirrje-qytetareve-te-henen-ora-1800-te-gjithe-marshim-ne-tirane-per-te-drejtat-tona-me-themelore\/","title":{"rendered":"Berisha thirrje qytetar\u00ebve: T\u00eb h\u00ebn\u00ebn ora 18:00 t\u00eb gjith\u00eb marshim n\u00eb Tiran\u00eb p\u00ebr t\u00eb drejtat tona m\u00eb themelore"},"content":{"rendered":"<p><strong>Berisha:<\/strong> Mir\u00ebdita dhe p\u00ebrsh\u00ebndetjet m\u00eb t\u00eb p\u00ebrzem\u00ebrta p\u00ebr ju gazetar\u00ebt e pranish\u00ebm n\u00eb selin\u00eb e PD, qytetaret dhe qytetar\u00ebt shqiptar\u00eb q\u00eb ndjekin k\u00ebt\u00eb konferenc\u00eb shtypi me ju.<\/p>\n<p>S\u00eb pari, dua t\u00eb p\u00ebrs\u00ebris edhe nj\u00ebher\u00eb thirrjen time dhe t\u00eb PD p\u00ebr \u00e7do demokrate e demokrat, p\u00ebr \u00e7do opozitare e opozitar t\u00eb v\u00ebrtet\u00eb, p\u00ebr \u00e7do qytetare dhe qytetar shqiptar, q\u00eb beson tek vota e lir\u00eb, q\u00eb beson se vullneti i tij duhet t\u00eb respektohet, q\u00eb beson tek Kushtetuta dhe shteti ligjor, q\u00eb beson se Edi Rama n\u00eb t\u00eb gjith\u00eb qenien e tij \u00ebsht\u00eb nj\u00eb armik i eg\u00ebr i vot\u00ebs s\u00eb lir\u00eb.<\/p>\n<p>\u00cbsht\u00eb nj\u00eb armik i eg\u00ebr i shtetit ligjor dhe demokracis\u00eb.<\/p>\n<p>Se ai ka instaluar n\u00eb Shqip\u00ebri autokracin\u00eb elektorale, n\u00eb t\u00eb cil\u00ebn me industrin\u00eb e blerjes s\u00eb vot\u00ebs, me shtetin e tij elektoral, me makinerin\u00eb gjigante t\u00eb frik\u00ebsimit t\u00eb zgjedh\u00ebsve, kontrollon nj\u00eblloj si n\u00eb diktaturat ideologjike, vullnetin e qytetar\u00ebve shqiptar\u00eb.<\/p>\n<p>Thirrja ime \u00ebsht\u00eb, dit\u00ebn e h\u00ebn\u00eb, n\u00eb ora 18:00, t\u00eb gjith\u00eb marshim n\u00eb Tiran\u00eb p\u00ebr t\u00eb drejtat tona m\u00eb themelore.<\/p>\n<p>P\u00ebr nj\u00eb qeveri teknike dhe zgjedhje t\u00eb drejta.<\/p>\n<p>Kund\u00ebr dhun\u00ebs ndaj opozit\u00ebs dhe arrestimeve politike.<\/p>\n<p>Kund\u00ebr vjedhjeve t\u00eb pashembullta n\u00eb historin\u00eb e k\u00ebtij vendi nga personalisht Edi Rama dhe klani i tij kriminal.<\/p>\n<p>Kund\u00ebr narkoshtetit q\u00eb ka shnd\u00ebrruar Shqip\u00ebrin\u00eb n\u00eb protektorat t\u00eb mafies m\u00eb t\u00eb keqe t\u00eb Europ\u00ebs.<\/p>\n","protected":false},"excerpt":{"rendered":"<p>Berisha: Mir\u00ebdita dhe p\u00ebrsh\u00ebndetjet m\u00eb t\u00eb p\u00ebrzem\u00ebrta p\u00ebr ju gazetar\u00ebt e pranish\u00ebm n\u00eb selin\u00eb e PD, qytetaret dhe qytetar\u00ebt shqiptar\u00eb q\u00eb ndjekin k\u00ebt\u00eb konferenc\u00eb shtypi me ju. S\u00eb pari, dua t\u00eb p\u00ebrs\u00ebris edhe nj\u00ebher\u00eb thirrjen time dhe t\u00eb PD p\u00ebr \u00e7do demokrate e demokrat, p\u00ebr \u00e7do opozitare e opozitar t\u00eb v\u00ebrtet\u00eb, p\u00ebr \u00e7do qytetare dhe &hellip;<\/p>\n","protected":false},"author":4,"featured_media":90419,"comment_status":"closed","ping_status":"closed","sticky":false,"template":"","format":"standard","meta":{"footnotes":""},"categories":[37],"tags":[],"class_list":["post-90418","post","type-post","status-publish","format-standard","has-post-thumbnail","","category-politike"],"_links":{"self":[{"href":"https:\/\/rdnews.al\/index.php\/wp-json\/wp\/v2\/posts\/90418","targetHints":{"allow":["GET"]}}],"collection":[{"href":"https:\/\/rdnews.al\/index.php\/wp-json\/wp\/v2\/posts"}],"about":[{"href":"https:\/\/rdnews.al\/index.php\/wp-json\/wp\/v2\/types\/post"}],"author":[{"embeddable":true,"href":"https:\/\/rdnews.al\/index.php\/wp-json\/wp\/v2\/users\/4"}],"replies":[{"embeddable":true,"href":"https:\/\/rdnews.al\/index.php\/wp-json\/wp\/v2\/comments?post=90418"}],"version-history":[{"count":0,"href":"https:\/\/rdnews.al\/index.php\/wp-json\/wp\/v2\/posts\/90418\/revisions"}],"wp:featuredmedia":[{"embeddable":true,"href":"https:\/\/rdnews.al\/index.php\/wp-json\/wp\/v2\/media\/90419"}],"wp:attachment":[{"href":"https:\/\/rdnews.al\/index.php\/wp-json\/wp\/v2\/media?parent=90418"}],"wp:term":[{"taxonomy":"category","embeddable":true,"href":"https:\/\/rdnews.al\/index.php\/wp-json\/wp\/v2\/categories?post=90418"},{"taxonomy":"post_tag","embeddable":true,"href":"https:\/\/rdnews.al\/index.php\/wp-json\/wp\/v2\/tags?post=90418"}],"curies":[{"name":"wp","href":"https:\/\/api.w.org\/{rel}","templated":true}]}}