{"id":90421,"date":"2024-10-04T11:11:47","date_gmt":"2024-10-04T11:11:47","guid":{"rendered":"https:\/\/rdnews.al\/?p=90421"},"modified":"2024-10-04T11:11:47","modified_gmt":"2024-10-04T11:11:47","slug":"berisha-te-bashkohemi-ne-tirane-ne-marshimin-tone-per-qeveri-teknike-dhe-zgjedhje-te-lira","status":"publish","type":"post","link":"https:\/\/rdnews.al\/index.php\/2024\/10\/04\/berisha-te-bashkohemi-ne-tirane-ne-marshimin-tone-per-qeveri-teknike-dhe-zgjedhje-te-lira\/","title":{"rendered":"Berisha: T\u00eb bashkohemi n\u00eb Tiran\u00eb n\u00eb marshimin ton\u00eb p\u00ebr qeveri teknike dhe zgjedhje t\u00eb lira!"},"content":{"rendered":"<p>Kreu i PD, Sali Berisha n\u00eb deklarat\u00eb p\u00ebr mediat \u00ebsht\u00eb shprehur se ftoj qytetar\u00ebt nga t\u00eb kat\u00ebr an\u00ebt e vendit, por edhe vende t\u00eb tjera, t\u00eb bashkohemi n\u00eb Tiran\u00eb n\u00eb marshimin ton\u00eb p\u00ebr qeveri teknike, zgjedhje t\u00eb lira, nj\u00eb Shqip\u00ebri pa burgje dhe persekutime politike.<\/p>\n<p>\u201cKjo protest\u00eb \u00ebsht\u00eb protest\u00eb q\u00eb buron nga idealet dhe nd\u00ebrgjegjja e \u00e7do qytetari shqiptar.<\/p>\n<p>Por edhe e \u00e7do patrioti q\u00eb e don kombin shqiptar dhe q\u00eb e don Shqip\u00ebrin\u00eb.<\/p>\n<p>\u00c7do shqiptari patriot q\u00eb nuk mund t\u00eb pajtohet kurr\u00eb me q\u00ebndrimet prej argati t\u00eb Beeogradit t\u00eb Edi Ram\u00ebs ndaj Kosov\u00ebs.<\/p>\n<p>P\u00ebrpjekjet e tij p\u00ebr shp\u00ebrb\u00ebrjen e Republik\u00ebs s\u00eb Kosov\u00ebs dhe ndarjes s\u00eb saj.<\/p>\n<p>P\u00ebrpjekjet e tij p\u00ebr vendosjen e hegjemonis\u00eb serbe n\u00eb rajon, nj\u00eb projekt i mir\u00ebfillt\u00eb ruso-serb.<\/p>\n<p>Izolimin q\u00eb ai i b\u00ebri Kosov\u00ebs.<\/p>\n<p>Dhe s\u00eb fundmi, thik\u00ebn e tmerrshme q\u00eb k\u00ebrkoi t\u2019i fus\u00eb vler\u00ebs m\u00eb supreme q\u00eb ka kombi shqiptar, vler\u00ebs s\u00eb toleranc\u00ebs fetare dhe bashk\u00ebpunimit nd\u00ebrfetar, duke krijuar shtetin e par\u00eb islamik n\u00eb Europ\u00eb, njoftim q\u00eb b\u00ebri n\u00eb OKB, ku u paraqit si Ajetollah Ramullahu dhe mahniti audienc\u00ebn me at\u00eb q\u00eb d\u00ebgjuan, por q\u00eb n\u00eb fakt kishte vet\u00ebm q\u00ebllimet m\u00eb t\u00eb liga, m\u00eb djall\u00ebzore t\u00eb vetat dhe t\u00eb Beogradit ndaj shqiptar\u00ebve, q\u00ebllimet mafioze t\u00eb nj\u00eb banke dhe pasaportave diplomatike p\u00ebr klanet e drog\u00ebs dhe krimit shqiptar dhe nd\u00ebrkomb\u00ebtar.<\/p>\n<p>Qytetar\u00eb dhe qytetare, dita e h\u00ebn\u00eb, ora 18 \u00ebsht\u00eb radha jon\u00eb, \u00ebsht\u00eb radha e guximit ton\u00eb, \u00ebsht\u00eb radha e idealeve tona.<\/p>\n<p>\u00cbsht\u00eb radha e fitores son\u00eb.<\/p>\n<p>Ndaj dhe ju ftoj nga t\u00eb kat\u00ebr an\u00ebt e vendit, por edhe vende t\u00eb tjera, t\u00eb bashkohemi n\u00eb Tiran\u00eb n\u00eb marshimin ton\u00eb p\u00ebr qeveri teknike, zgjedhje t\u00eb lira, nj\u00eb Shqip\u00ebri pa burgje dhe persekutime politike\u201d, tha Berisha.<\/p>\n","protected":false},"excerpt":{"rendered":"<p>Kreu i PD, Sali Berisha n\u00eb deklarat\u00eb p\u00ebr mediat \u00ebsht\u00eb shprehur se ftoj qytetar\u00ebt nga t\u00eb kat\u00ebr an\u00ebt e vendit, por edhe vende t\u00eb tjera, t\u00eb bashkohemi n\u00eb Tiran\u00eb n\u00eb marshimin ton\u00eb p\u00ebr qeveri teknike, zgjedhje t\u00eb lira, nj\u00eb Shqip\u00ebri pa burgje dhe persekutime politike. \u201cKjo protest\u00eb \u00ebsht\u00eb protest\u00eb q\u00eb buron nga idealet dhe nd\u00ebrgjegjja &hellip;<\/p>\n","protected":false},"author":4,"featured_media":90422,"comment_status":"closed","ping_status":"closed","sticky":false,"template":"","format":"standard","meta":{"footnotes":""},"categories":[37],"tags":[],"class_list":["post-90421","post","type-post","status-publish","format-standard","has-post-thumbnail","","category-politike"],"_links":{"self":[{"href":"https:\/\/rdnews.al\/index.php\/wp-json\/wp\/v2\/posts\/90421","targetHints":{"allow":["GET"]}}],"collection":[{"href":"https:\/\/rdnews.al\/index.php\/wp-json\/wp\/v2\/posts"}],"about":[{"href":"https:\/\/rdnews.al\/index.php\/wp-json\/wp\/v2\/types\/post"}],"author":[{"embeddable":true,"href":"https:\/\/rdnews.al\/index.php\/wp-json\/wp\/v2\/users\/4"}],"replies":[{"embeddable":true,"href":"https:\/\/rdnews.al\/index.php\/wp-json\/wp\/v2\/comments?post=90421"}],"version-history":[{"count":0,"href":"https:\/\/rdnews.al\/index.php\/wp-json\/wp\/v2\/posts\/90421\/revisions"}],"wp:featuredmedia":[{"embeddable":true,"href":"https:\/\/rdnews.al\/index.php\/wp-json\/wp\/v2\/media\/90422"}],"wp:attachment":[{"href":"https:\/\/rdnews.al\/index.php\/wp-json\/wp\/v2\/media?parent=90421"}],"wp:term":[{"taxonomy":"category","embeddable":true,"href":"https:\/\/rdnews.al\/index.php\/wp-json\/wp\/v2\/categories?post=90421"},{"taxonomy":"post_tag","embeddable":true,"href":"https:\/\/rdnews.al\/index.php\/wp-json\/wp\/v2\/tags?post=90421"}],"curies":[{"name":"wp","href":"https:\/\/api.w.org\/{rel}","templated":true}]}}