{"id":90424,"date":"2024-10-04T11:15:03","date_gmt":"2024-10-04T11:15:03","guid":{"rendered":"https:\/\/rdnews.al\/?p=90424"},"modified":"2024-10-04T12:35:04","modified_gmt":"2024-10-04T12:35:04","slug":"berisha-skenarin-e-sakte-te-kesaj-proteste-do-ta-merrni-vesh-te-henen-ne-ora-1800","status":"publish","type":"post","link":"https:\/\/rdnews.al\/index.php\/2024\/10\/04\/berisha-skenarin-e-sakte-te-kesaj-proteste-do-ta-merrni-vesh-te-henen-ne-ora-1800\/","title":{"rendered":"Cili do t\u00eb jet\u00eb skenari i protest\u00ebs"},"content":{"rendered":"<p>Kryetari i PD, Sali Berisha n\u00eb deklarat\u00eb p\u00ebr mediat \u00ebsht\u00eb shprehur se n\u00eb t\u00ebr\u00ebsi \u00ebsht\u00eb konceptuar si nj\u00eb protest\u00eb n\u00eb t\u00eb cil\u00ebn qytetar\u00ebt me protest\u00ebn e tyre i tregojn\u00eb regjimit se jan\u00eb zot\u00ebr t\u00eb k\u00ebtij vendi.<\/p>\n<p>\u201cDit\u00ebn e h\u00ebn\u00eb n\u00eb ora 18:00, fjal\u00ebn e ka qytetari.<\/p>\n<p>Qytetar\u00ebt jan\u00eb politikan\u00ebt, jan\u00eb zot\u00ebrit e Tiran\u00ebs.<\/p>\n<p>Skenarin e sakt\u00eb t\u00eb k\u00ebsaj proteste do ta merrni vesh dit\u00ebn e h\u00ebn\u00eb n\u00eb ora 18:00.<\/p>\n<p>Po, n\u00eb t\u00ebr\u00ebsi \u00ebsht\u00eb konceptuar si nj\u00eb protest\u00eb n\u00eb t\u00eb cil\u00ebn qytetar\u00ebt me protest\u00ebn e tyre i tregojn\u00eb regjimit se jan\u00eb zot\u00ebr t\u00eb k\u00ebtij vendi\u201d, tha Berisha.<\/p>\n","protected":false},"excerpt":{"rendered":"<p>Kryetari i PD, Sali Berisha n\u00eb deklarat\u00eb p\u00ebr mediat \u00ebsht\u00eb shprehur se n\u00eb t\u00ebr\u00ebsi \u00ebsht\u00eb konceptuar si nj\u00eb protest\u00eb n\u00eb t\u00eb cil\u00ebn qytetar\u00ebt me protest\u00ebn e tyre i tregojn\u00eb regjimit se jan\u00eb zot\u00ebr t\u00eb k\u00ebtij vendi. \u201cDit\u00ebn e h\u00ebn\u00eb n\u00eb ora 18:00, fjal\u00ebn e ka qytetari. Qytetar\u00ebt jan\u00eb politikan\u00ebt, jan\u00eb zot\u00ebrit e Tiran\u00ebs. Skenarin e &hellip;<\/p>\n","protected":false},"author":4,"featured_media":71950,"comment_status":"closed","ping_status":"closed","sticky":false,"template":"","format":"standard","meta":{"footnotes":""},"categories":[37],"tags":[],"class_list":["post-90424","post","type-post","status-publish","format-standard","has-post-thumbnail","","category-politike"],"_links":{"self":[{"href":"https:\/\/rdnews.al\/index.php\/wp-json\/wp\/v2\/posts\/90424","targetHints":{"allow":["GET"]}}],"collection":[{"href":"https:\/\/rdnews.al\/index.php\/wp-json\/wp\/v2\/posts"}],"about":[{"href":"https:\/\/rdnews.al\/index.php\/wp-json\/wp\/v2\/types\/post"}],"author":[{"embeddable":true,"href":"https:\/\/rdnews.al\/index.php\/wp-json\/wp\/v2\/users\/4"}],"replies":[{"embeddable":true,"href":"https:\/\/rdnews.al\/index.php\/wp-json\/wp\/v2\/comments?post=90424"}],"version-history":[{"count":0,"href":"https:\/\/rdnews.al\/index.php\/wp-json\/wp\/v2\/posts\/90424\/revisions"}],"wp:featuredmedia":[{"embeddable":true,"href":"https:\/\/rdnews.al\/index.php\/wp-json\/wp\/v2\/media\/71950"}],"wp:attachment":[{"href":"https:\/\/rdnews.al\/index.php\/wp-json\/wp\/v2\/media?parent=90424"}],"wp:term":[{"taxonomy":"category","embeddable":true,"href":"https:\/\/rdnews.al\/index.php\/wp-json\/wp\/v2\/categories?post=90424"},{"taxonomy":"post_tag","embeddable":true,"href":"https:\/\/rdnews.al\/index.php\/wp-json\/wp\/v2\/tags?post=90424"}],"curies":[{"name":"wp","href":"https:\/\/api.w.org\/{rel}","templated":true}]}}