{"id":90429,"date":"2024-10-04T11:20:16","date_gmt":"2024-10-04T11:20:16","guid":{"rendered":"https:\/\/rdnews.al\/?p=90429"},"modified":"2024-10-04T11:20:16","modified_gmt":"2024-10-04T11:20:16","slug":"berisha-ne-jemi-te-bindur-se-edi-rama-nuk-e-do-qeverine-teknike-por-ju-garantoj-se-nuk-do-heqim-kurre-dore-prej-saj","status":"publish","type":"post","link":"https:\/\/rdnews.al\/index.php\/2024\/10\/04\/berisha-ne-jemi-te-bindur-se-edi-rama-nuk-e-do-qeverine-teknike-por-ju-garantoj-se-nuk-do-heqim-kurre-dore-prej-saj\/","title":{"rendered":"Berisha: Ne jemi t\u00eb bindur se Edi Rama nuk e do Qeverin\u00eb teknike, por ju garantoj se nuk do heqim kurr\u00eb dor\u00eb prej saj"},"content":{"rendered":"<p>Kryetari i PD, Sali Berisha n\u00eb deklarat\u00ebn p\u00ebr mediat tha se, besoj se sot nuk ka shqiptar t\u00eb ndersh\u00ebm, shqiptar q\u00eb \u00ebsht\u00eb p\u00ebr respektimin e vot\u00ebs s\u00eb lir\u00eb, q\u00eb beson se Edi Rama lejon zgjedhje t\u00eb lira.<\/p>\n<p>Berisha theksoi se jemi t\u00eb bindur se Edi Rama nuk e don k\u00ebt\u00eb gj\u00eb, por ju garantoj se ne nuk do heqim kurr\u00eb dor\u00eb prej saj.<\/p>\n<p>\u201cM\u00eb s\u00eb pari, kur shpall nj\u00eb kauz\u00eb, duhet t\u00eb jesh i sigurt, i ndersh\u00ebm, i qart\u00eb se ajo \u00ebsht\u00eb nj\u00eb kauz\u00eb e drejt\u00eb.<\/p>\n<p>Dhe un\u00eb besoj se sot nuk ka shqiptar t\u00eb ndersh\u00ebm, shqiptar q\u00eb \u00ebsht\u00eb p\u00ebr respektimin e vot\u00ebs s\u00eb lir\u00eb, q\u00eb beson se Edi Rama lejon zgjedhje t\u00eb lira.<\/p>\n<p>Se mohon se Edi Rama ka krijuar nj\u00eb industri gjigante t\u00eb blerjes s\u00eb vot\u00ebs, nj\u00eb makineri gjigante t\u00eb frik\u00ebsimit me patronazhist\u00ebt terrorist\u00eb elektoral\u00eb, me bandit\u00ebt, vras\u00ebsit, trafikant\u00ebt dhe mekanizma t\u00eb tjer\u00eb t\u00eb frik\u00ebsimit t\u00eb qytetar\u00ebve.<\/p>\n<p>Pra, kjo \u00ebsht\u00eb nj\u00eb kauz\u00eb e drejt\u00eb p\u00ebr t\u00eb cil\u00ebn ia vlen t\u00eb luftosh dhe t\u00eb sakrifikosh me t\u00eb gjith\u00eb forc\u00ebn p\u00ebr realizimin e saj.<\/p>\n<p>Ne jemi t\u00eb bindur se Edi Rama nuk e don k\u00ebt\u00eb gj\u00eb, por ju garantoj se ne nuk do heqim kurr\u00eb dor\u00eb prej saj.<\/p>\n<p>Kjo \u00ebsht\u00eb e v\u00ebrteta.<\/p>\n<p>Pra, marr\u00eb pak m\u00eb ve\u00e7as, ne e kemi k\u00ebt\u00eb mision kryesor.<\/p>\n<p>\u00cbsht\u00eb e drejt\u00eb, \u00ebsht\u00eb shum\u00eb e drejt\u00eb q\u00eb populli opozitar t\u00eb pres\u00eb nga opozita mbrojtjen e vot\u00ebs, por nj\u00eb opozit\u00eb demokratike nuk merr p\u00ebrsip\u00ebr kurr\u00eb mbrojtjen me arm\u00eb.<\/p>\n<p>Nj\u00eb opozit\u00eb demokratike merr p\u00ebrsip\u00ebr mbrojtjen me metoda demokratike dhe ne garantojm\u00eb se pa qeveri teknike, vota e qytetar\u00ebve ka vdekur para se t\u00eb hyj\u00eb n\u00eb kuti.<\/p>\n<p>Ndaj dhe si nj\u00eb p\u00ebrpjekje t\u00eb madhe qytetare dhe opozitare p\u00ebr mbrojtjen e vot\u00ebs s\u00eb shqiptar\u00ebve, t\u00eb shkojm\u00eb n\u00eb qeveri teknike si\u00e7 shkon Greqia n\u00eb \u00e7do zgjedhje dhe disa vende t\u00eb tjera, t\u00eb cilat i kan\u00eb harruar problemet elektorale, duhet t\u00eb shkoj\u00eb edhe Shqip\u00ebria n\u00eb k\u00ebt\u00eb drejtim n\u00eb interesin m\u00eb t\u00eb mir\u00eb t\u00eb paqes, stabilitetit n\u00eb Shqip\u00ebri dhe zhvillimit t\u00eb saj\u201d, u shpreh Berisha.<\/p>\n","protected":false},"excerpt":{"rendered":"<p>Kryetari i PD, Sali Berisha n\u00eb deklarat\u00ebn p\u00ebr mediat tha se, besoj se sot nuk ka shqiptar t\u00eb ndersh\u00ebm, shqiptar q\u00eb \u00ebsht\u00eb p\u00ebr respektimin e vot\u00ebs s\u00eb lir\u00eb, q\u00eb beson se Edi Rama lejon zgjedhje t\u00eb lira. Berisha theksoi se jemi t\u00eb bindur se Edi Rama nuk e don k\u00ebt\u00eb gj\u00eb, por ju garantoj se &hellip;<\/p>\n","protected":false},"author":4,"featured_media":90430,"comment_status":"closed","ping_status":"closed","sticky":false,"template":"","format":"standard","meta":{"footnotes":""},"categories":[37],"tags":[],"class_list":["post-90429","post","type-post","status-publish","format-standard","has-post-thumbnail","","category-politike"],"_links":{"self":[{"href":"https:\/\/rdnews.al\/index.php\/wp-json\/wp\/v2\/posts\/90429","targetHints":{"allow":["GET"]}}],"collection":[{"href":"https:\/\/rdnews.al\/index.php\/wp-json\/wp\/v2\/posts"}],"about":[{"href":"https:\/\/rdnews.al\/index.php\/wp-json\/wp\/v2\/types\/post"}],"author":[{"embeddable":true,"href":"https:\/\/rdnews.al\/index.php\/wp-json\/wp\/v2\/users\/4"}],"replies":[{"embeddable":true,"href":"https:\/\/rdnews.al\/index.php\/wp-json\/wp\/v2\/comments?post=90429"}],"version-history":[{"count":0,"href":"https:\/\/rdnews.al\/index.php\/wp-json\/wp\/v2\/posts\/90429\/revisions"}],"wp:featuredmedia":[{"embeddable":true,"href":"https:\/\/rdnews.al\/index.php\/wp-json\/wp\/v2\/media\/90430"}],"wp:attachment":[{"href":"https:\/\/rdnews.al\/index.php\/wp-json\/wp\/v2\/media?parent=90429"}],"wp:term":[{"taxonomy":"category","embeddable":true,"href":"https:\/\/rdnews.al\/index.php\/wp-json\/wp\/v2\/categories?post=90429"},{"taxonomy":"post_tag","embeddable":true,"href":"https:\/\/rdnews.al\/index.php\/wp-json\/wp\/v2\/tags?post=90429"}],"curies":[{"name":"wp","href":"https:\/\/api.w.org\/{rel}","templated":true}]}}