{"id":90436,"date":"2024-10-04T11:26:32","date_gmt":"2024-10-04T11:26:32","guid":{"rendered":"https:\/\/rdnews.al\/?p=90436"},"modified":"2024-10-04T11:27:51","modified_gmt":"2024-10-04T11:27:51","slug":"berisha-21-janari-u-ndertua-mbi-nje-mashtrim-7-tetori-eshte-dita-per-te-hapur-dyert-e-zgjedhjeve-te-lira-dhe-te-ndershme","status":"publish","type":"post","link":"https:\/\/rdnews.al\/index.php\/2024\/10\/04\/berisha-21-janari-u-ndertua-mbi-nje-mashtrim-7-tetori-eshte-dita-per-te-hapur-dyert-e-zgjedhjeve-te-lira-dhe-te-ndershme\/","title":{"rendered":"Berisha: 21 janari u nd\u00ebrtua mbi nj\u00eb mashtrim, 7 tetori \u00ebsht\u00eb dita p\u00ebr t\u00eb hapur dyert e zgjedhjeve t\u00eb lira dhe t\u00eb ndershme"},"content":{"rendered":"<p>Kryetari i PD, Sali Berisha n\u00eb deklarat\u00eb p\u00ebr mediat \u00ebsht\u00eb shprehur se \u201821 janari\u2019 u nd\u00ebrtua mbi nj\u00eb mashtrim, falsifikim dhe etje gjak\u00ebsore p\u00ebr pushtet t\u00eb Edi Ram\u00ebs dhe band\u00ebs s\u00eb tij..<\/p>\n<p>\u201cArdit, 21 janari u nd\u00ebrtua mbi nj\u00eb mashtrim, falsifikim dhe etje gjak\u00ebsore p\u00ebr pushtet t\u00eb Edi Ram\u00ebs dhe band\u00ebs s\u00eb tij.<\/p>\n<p>7 tetori \u00ebsht\u00eb dita p\u00ebr t\u00eb hapur dyert p\u00ebr shqiptar\u00ebt p\u00ebr zgjedhje t\u00eb lira dhe t\u00eb ndershme.<\/p>\n<p>Pra, si\u00e7 e sheh, 7 tetori \u00ebsht\u00eb thirrur pasi \u00ebsht\u00eb b\u00ebr\u00eb e qart\u00eb p\u00ebr \u00e7do shqiptar se Edi Rama grabit mandatet dhe nuk respekton vullnetin e qytetar\u00ebve por e kontrollon at\u00eb.<\/p>\n<p>Pasi \u00ebsht\u00eb b\u00ebr\u00eb e qart\u00eb p\u00ebr \u00e7do qytetar se ky armik i vot\u00ebs s\u00eb lir\u00eb ka vendosur n\u00eb arrest dhe ndjekje penale tre drejtuesit e partive kryesore opozitare, i bindur se nuk fiton zgjedhjet.<\/p>\n<p>Pasi \u00ebsht\u00eb b\u00ebr\u00eb e qart\u00eb se ai ka rikthyer, si bastard i xhelatit Kristaq Rama, burgosjet politike n\u00eb Shqip\u00ebri.<\/p>\n<p>Pra, paralelizma, e para shkon drejt t\u00eb shkuar\u00ebs, kjo e dyta shkon drejt t\u00eb ardhmes s\u00eb Shqip\u00ebris\u00eb\u201d, tha Berisha.<\/p>\n","protected":false},"excerpt":{"rendered":"<p>Kryetari i PD, Sali Berisha n\u00eb deklarat\u00eb p\u00ebr mediat \u00ebsht\u00eb shprehur se \u201821 janari\u2019 u nd\u00ebrtua mbi nj\u00eb mashtrim, falsifikim dhe etje gjak\u00ebsore p\u00ebr pushtet t\u00eb Edi Ram\u00ebs dhe band\u00ebs s\u00eb tij.. \u201cArdit, 21 janari u nd\u00ebrtua mbi nj\u00eb mashtrim, falsifikim dhe etje gjak\u00ebsore p\u00ebr pushtet t\u00eb Edi Ram\u00ebs dhe band\u00ebs s\u00eb tij. 7 tetori &hellip;<\/p>\n","protected":false},"author":4,"featured_media":90422,"comment_status":"closed","ping_status":"closed","sticky":false,"template":"","format":"standard","meta":{"footnotes":""},"categories":[37],"tags":[],"class_list":["post-90436","post","type-post","status-publish","format-standard","has-post-thumbnail","","category-politike"],"_links":{"self":[{"href":"https:\/\/rdnews.al\/index.php\/wp-json\/wp\/v2\/posts\/90436","targetHints":{"allow":["GET"]}}],"collection":[{"href":"https:\/\/rdnews.al\/index.php\/wp-json\/wp\/v2\/posts"}],"about":[{"href":"https:\/\/rdnews.al\/index.php\/wp-json\/wp\/v2\/types\/post"}],"author":[{"embeddable":true,"href":"https:\/\/rdnews.al\/index.php\/wp-json\/wp\/v2\/users\/4"}],"replies":[{"embeddable":true,"href":"https:\/\/rdnews.al\/index.php\/wp-json\/wp\/v2\/comments?post=90436"}],"version-history":[{"count":0,"href":"https:\/\/rdnews.al\/index.php\/wp-json\/wp\/v2\/posts\/90436\/revisions"}],"wp:featuredmedia":[{"embeddable":true,"href":"https:\/\/rdnews.al\/index.php\/wp-json\/wp\/v2\/media\/90422"}],"wp:attachment":[{"href":"https:\/\/rdnews.al\/index.php\/wp-json\/wp\/v2\/media?parent=90436"}],"wp:term":[{"taxonomy":"category","embeddable":true,"href":"https:\/\/rdnews.al\/index.php\/wp-json\/wp\/v2\/categories?post=90436"},{"taxonomy":"post_tag","embeddable":true,"href":"https:\/\/rdnews.al\/index.php\/wp-json\/wp\/v2\/tags?post=90436"}],"curies":[{"name":"wp","href":"https:\/\/api.w.org\/{rel}","templated":true}]}}