{"id":90439,"date":"2024-10-04T11:33:51","date_gmt":"2024-10-04T11:33:51","guid":{"rendered":"https:\/\/rdnews.al\/?p=90439"},"modified":"2024-10-04T11:33:51","modified_gmt":"2024-10-04T11:33:51","slug":"berisha-beteja-jone-nuk-ndalet-gjer-ne-krijimin-e-qeverise-teknike","status":"publish","type":"post","link":"https:\/\/rdnews.al\/index.php\/2024\/10\/04\/berisha-beteja-jone-nuk-ndalet-gjer-ne-krijimin-e-qeverise-teknike\/","title":{"rendered":"Berisha: Beteja jon\u00eb nuk ndalet gjer n\u00eb krijimin e qeveris\u00eb teknike!"},"content":{"rendered":"<p>Kreu i PD, Sali Berisha n\u00eb deklarat\u00eb p\u00ebr mediat \u00ebsht\u00eb shprehur se 7 tetori do t\u00eb jet\u00eb dita e kthes\u00ebs s\u00eb madhe. Berisha tha se, beteja jon\u00eb nuk ndalet gjer n\u00eb krijimin e qeveris\u00eb teknike!<\/p>\n<p>\u201c7 tetori do t\u00eb jet\u00eb dita e kthes\u00ebs s\u00eb madhe.<\/p>\n<p>Do t\u00eb jet\u00eb radha jon\u00eb, radha e qytetar\u00ebve.<\/p>\n<p>Beteja jon\u00eb nuk ndalet gjer n\u00eb krijimin e qeveris\u00eb teknike.<\/p>\n<p>Pra, q\u00ebllimet tona jan\u00eb q\u00ebllimet m\u00eb demokratike n\u00eb kuptimin q\u00eb k\u00ebrkojm\u00eb t\u00eb hapim rrug\u00ebn p\u00ebr nj\u00eb proces zgjedhor t\u00eb lir\u00eb dhe t\u00eb ndersh\u00ebm, t\u00eb cilin Edi Rama e ka shnd\u00ebrruar n\u00eb nj\u00eb fars\u00eb t\u00eb v\u00ebrtet\u00eb.<\/p>\n<p>K\u00ebrkojm\u00eb q\u00eb Shqip\u00ebria t\u00eb mos jet\u00eb m\u00eb nj\u00eb narkoshtet, por nj\u00eb shtet ligjor, n\u00eb t\u00eb cilin ligjet, Kushtetuta dhe t\u00eb drejtat e opozit\u00ebs respektohen.<\/p>\n<p>Pra, ne k\u00ebrkojm\u00eb gj\u00ebra themelore q\u00eb i mungojn\u00eb sot shoq\u00ebris\u00eb dhe popullit shqiptar\u201d, tha Berisha.<\/p>\n","protected":false},"excerpt":{"rendered":"<p>Kreu i PD, Sali Berisha n\u00eb deklarat\u00eb p\u00ebr mediat \u00ebsht\u00eb shprehur se 7 tetori do t\u00eb jet\u00eb dita e kthes\u00ebs s\u00eb madhe. Berisha tha se, beteja jon\u00eb nuk ndalet gjer n\u00eb krijimin e qeveris\u00eb teknike! \u201c7 tetori do t\u00eb jet\u00eb dita e kthes\u00ebs s\u00eb madhe. Do t\u00eb jet\u00eb radha jon\u00eb, radha e qytetar\u00ebve. Beteja jon\u00eb &hellip;<\/p>\n","protected":false},"author":4,"featured_media":39137,"comment_status":"closed","ping_status":"closed","sticky":false,"template":"","format":"standard","meta":{"footnotes":""},"categories":[37],"tags":[],"class_list":["post-90439","post","type-post","status-publish","format-standard","has-post-thumbnail","","category-politike"],"_links":{"self":[{"href":"https:\/\/rdnews.al\/index.php\/wp-json\/wp\/v2\/posts\/90439","targetHints":{"allow":["GET"]}}],"collection":[{"href":"https:\/\/rdnews.al\/index.php\/wp-json\/wp\/v2\/posts"}],"about":[{"href":"https:\/\/rdnews.al\/index.php\/wp-json\/wp\/v2\/types\/post"}],"author":[{"embeddable":true,"href":"https:\/\/rdnews.al\/index.php\/wp-json\/wp\/v2\/users\/4"}],"replies":[{"embeddable":true,"href":"https:\/\/rdnews.al\/index.php\/wp-json\/wp\/v2\/comments?post=90439"}],"version-history":[{"count":0,"href":"https:\/\/rdnews.al\/index.php\/wp-json\/wp\/v2\/posts\/90439\/revisions"}],"wp:featuredmedia":[{"embeddable":true,"href":"https:\/\/rdnews.al\/index.php\/wp-json\/wp\/v2\/media\/39137"}],"wp:attachment":[{"href":"https:\/\/rdnews.al\/index.php\/wp-json\/wp\/v2\/media?parent=90439"}],"wp:term":[{"taxonomy":"category","embeddable":true,"href":"https:\/\/rdnews.al\/index.php\/wp-json\/wp\/v2\/categories?post=90439"},{"taxonomy":"post_tag","embeddable":true,"href":"https:\/\/rdnews.al\/index.php\/wp-json\/wp\/v2\/tags?post=90439"}],"curies":[{"name":"wp","href":"https:\/\/api.w.org\/{rel}","templated":true}]}}