{"id":90458,"date":"2024-10-04T12:51:55","date_gmt":"2024-10-04T12:51:55","guid":{"rendered":"https:\/\/rdnews.al\/?p=90458"},"modified":"2024-10-04T12:51:55","modified_gmt":"2024-10-04T12:51:55","slug":"deklarata-e-metes-per-protesten-e-se-henes-qytetaret-do-te-shperthejne-trimerisht","status":"publish","type":"post","link":"https:\/\/rdnews.al\/index.php\/2024\/10\/04\/deklarata-e-metes-per-protesten-e-se-henes-qytetaret-do-te-shperthejne-trimerisht\/","title":{"rendered":"Deklarata e Met\u00ebs p\u00ebr protest\u00ebn e s\u00eb h\u00ebn\u00ebs: Qytetar\u00ebt do t\u00eb shp\u00ebrthejn\u00eb trim\u00ebrisht"},"content":{"rendered":"<p>Ilir Meta, President i Partis\u00eb s\u00eb Liris\u00eb, i ka drejtuar nj\u00eb apel qytetar\u00ebve q\u00eb t\u00eb dalin dhe protestojn\u00eb n\u00eb 7 tetor, nd\u00ebrsa shprehu bindjen se trim\u00ebrisht ata do t\u00eb shp\u00ebrthejn\u00eb n\u00eb protest\u00ebn e thirrur n\u00eb Tiran\u00eb.<\/p>\n<p>Meta tha se n\u00eb 7 tetor do t\u00eb protestohet edhe p\u00ebr pensionist\u00ebt, sikund\u00ebr do t\u00eb protestohet nga \u00e7do shqiptar q\u00eb ndjen pesh\u00ebn e r\u00ebnd\u00eb t\u00eb kostove tep\u00ebr t\u00eb larta t\u00eb jetes\u00ebs, rritjes s\u00eb \u00e7mimeve, munges\u00ebs s\u00eb kujdesit sh\u00ebndet\u00ebsor etj.<\/p>\n<div id=\"taboola-sponsored-mid-article\" class=\"trc_related_container tbl-trecs-container trc_spotlight_widget trc_elastic trc_elastic_sc-ma-balkanweb\" data-placement-name=\"Sponsored Mid Article\">\n<div class=\"trc_rbox_container\">\n<div>\n<div id=\"trc_wrapper_1999879853\" class=\"trc_rbox sc-ma-balkanweb trc-content-sponsored\">\n<div id=\"outer_1999879853\" class=\"trc_rbox_outer\">\n<div id=\"rbox-t2m\" class=\"trc_rbox_div trc_rbox_border_elm\">\n<div id=\"internal_trc_1999879853\"><\/div>\n<\/div>\n<\/div>\n<div class=\"trc-widget-footer\">\n<div class=\"logoDiv link-disclosure attribution-disclosure-link-sponsored\">Kreu i PL-s\u00eb u pyet lidhur me em\u00ebrimin e Ilir Prod\u00ebs n\u00eb krye t\u00eb Policis\u00eb s\u00eb Shtetit, nd\u00ebrsa u shpreh se ajo drejtohet nga Edi Rama, i cili \u00ebsht\u00eb p\u00ebrgjegj\u00ebsi kryesor p\u00ebr instalimin e regjimit policesk.<\/div>\n<\/div>\n<\/div>\n<\/div>\n<\/div>\n<\/div>\n<p>Lidhur me tensionet dhe p\u00ebrplasjet n\u00eb Kuvendin e Shqip\u00ebris\u00eb, Meta tha se q\u00ebllimi i Edi Ram\u00ebs \u00ebsht\u00eb q\u00eb n\u00eb Shqip\u00ebri t\u00eb mos ket\u00eb opozit\u00eb reale. \u201cBurgosja e Ervin Salianjit jo vet\u00ebm q\u00eb nuk do t\u00eb nd\u00ebrpres\u00eb denoncimet e opozit\u00ebs, por do t\u00eb rris\u00eb zem\u00ebrat\u00ebn e qytetar\u00ebve shqiptar\u00eb. Shqip\u00ebria \u00ebsht\u00eb p\u00ebrfshir\u00eb prej koh\u00ebsh nga flak\u00ebt e nj\u00eb korrupsioni skizofrenik dhe krimit t\u00eb organizuar nd\u00ebrkomb\u00ebtar\u201d, tha Meta.<\/p>\n","protected":false},"excerpt":{"rendered":"<p>Ilir Meta, President i Partis\u00eb s\u00eb Liris\u00eb, i ka drejtuar nj\u00eb apel qytetar\u00ebve q\u00eb t\u00eb dalin dhe protestojn\u00eb n\u00eb 7 tetor, nd\u00ebrsa shprehu bindjen se trim\u00ebrisht ata do t\u00eb shp\u00ebrthejn\u00eb n\u00eb protest\u00ebn e thirrur n\u00eb Tiran\u00eb. Meta tha se n\u00eb 7 tetor do t\u00eb protestohet edhe p\u00ebr pensionist\u00ebt, sikund\u00ebr do t\u00eb protestohet nga \u00e7do shqiptar &hellip;<\/p>\n","protected":false},"author":3,"featured_media":90459,"comment_status":"closed","ping_status":"closed","sticky":false,"template":"","format":"standard","meta":{"footnotes":""},"categories":[37],"tags":[],"class_list":["post-90458","post","type-post","status-publish","format-standard","has-post-thumbnail","","category-politike"],"_links":{"self":[{"href":"https:\/\/rdnews.al\/index.php\/wp-json\/wp\/v2\/posts\/90458","targetHints":{"allow":["GET"]}}],"collection":[{"href":"https:\/\/rdnews.al\/index.php\/wp-json\/wp\/v2\/posts"}],"about":[{"href":"https:\/\/rdnews.al\/index.php\/wp-json\/wp\/v2\/types\/post"}],"author":[{"embeddable":true,"href":"https:\/\/rdnews.al\/index.php\/wp-json\/wp\/v2\/users\/3"}],"replies":[{"embeddable":true,"href":"https:\/\/rdnews.al\/index.php\/wp-json\/wp\/v2\/comments?post=90458"}],"version-history":[{"count":0,"href":"https:\/\/rdnews.al\/index.php\/wp-json\/wp\/v2\/posts\/90458\/revisions"}],"wp:featuredmedia":[{"embeddable":true,"href":"https:\/\/rdnews.al\/index.php\/wp-json\/wp\/v2\/media\/90459"}],"wp:attachment":[{"href":"https:\/\/rdnews.al\/index.php\/wp-json\/wp\/v2\/media?parent=90458"}],"wp:term":[{"taxonomy":"category","embeddable":true,"href":"https:\/\/rdnews.al\/index.php\/wp-json\/wp\/v2\/categories?post=90458"},{"taxonomy":"post_tag","embeddable":true,"href":"https:\/\/rdnews.al\/index.php\/wp-json\/wp\/v2\/tags?post=90458"}],"curies":[{"name":"wp","href":"https:\/\/api.w.org\/{rel}","templated":true}]}}