{"id":90467,"date":"2024-10-04T16:30:56","date_gmt":"2024-10-04T16:30:56","guid":{"rendered":"https:\/\/rdnews.al\/?p=90467"},"modified":"2024-10-04T16:30:56","modified_gmt":"2024-10-04T16:30:56","slug":"permbytet-vlora-uji-merr-me-vete-tavolinat-dhe-cadrat-e-lokaleve","status":"publish","type":"post","link":"https:\/\/rdnews.al\/index.php\/2024\/10\/04\/permbytet-vlora-uji-merr-me-vete-tavolinat-dhe-cadrat-e-lokaleve\/","title":{"rendered":"P\u00ebrmbytet Vlora, uji merr me vete tavolinat dhe \u00e7adrat e lokaleve"},"content":{"rendered":"<p>Situata m\u00eb e keqe nga moti i keq \u00ebsht\u00eb n\u00eb Vlor\u00eb. Ky qark \u00ebsht\u00eb p\u00ebrfshir\u00eb pasditen e sotme nga reshje t\u00eb dendura shiu t\u00eb cilat kan\u00eb p\u00ebrmbytur t\u00eb gjith\u00eb qytetin. Madje n\u00eb nj\u00eb lagje uji merr para tavolinat. Raportohet p\u00ebr p\u00ebrmbytje t\u00eb bizneseve si dhe uji po hyn dhe n\u00eb disa sht\u00ebpi.<\/p>\n<p>Reshjet e dendura t\u00eb shiut kan\u00eb sjell\u00eb p\u00ebrmbytjet e disa akseve dhe kryq\u00ebzimeve n\u00eb qytetin e Vlor\u00ebs. Rruga \u201cHasan Kushta\u201d rruga \u201cGjergj Araniti\u201d aksi pran\u00eb Kish\u00ebs Ortodokse dhe bibliotek\u00ebs publike si dhe pjes\u00eb t\u00eb bulevardit \u201cIsmail Qemali\u201djan\u00eb p\u00ebrmbytur nga uj\u00ebrat e shumt\u00eb nd\u00ebrsa kan\u00eb sjell\u00eb probleme n\u00eb l\u00ebvizjen e mjeteve.<\/p>\n<p>Reshjet po bien me intensitet t\u00eb lart\u00eb,ndaj dhe prurjet e ujit jan\u00eb t\u00eb shumta. Rruga lidhese e e autostrad\u00ebs Vlor\u00eb-Fier me Transballkaniken \u00ebsht\u00eb p\u00ebrmbytur nga uji. M\u00eb her\u00ebt bashkia e Vlor\u00ebs me nj\u00eb njoftim paralajm\u00ebroi qytetar\u00ebt q\u00eb t\u00eb mos parkonin mjetet n\u00eb segmentet problematike t\u00eb qytetit, referuar p\u00ebrmbytjeve.<\/p>\n","protected":false},"excerpt":{"rendered":"<p>Situata m\u00eb e keqe nga moti i keq \u00ebsht\u00eb n\u00eb Vlor\u00eb. Ky qark \u00ebsht\u00eb p\u00ebrfshir\u00eb pasditen e sotme nga reshje t\u00eb dendura shiu t\u00eb cilat kan\u00eb p\u00ebrmbytur t\u00eb gjith\u00eb qytetin. Madje n\u00eb nj\u00eb lagje uji merr para tavolinat. Raportohet p\u00ebr p\u00ebrmbytje t\u00eb bizneseve si dhe uji po hyn dhe n\u00eb disa sht\u00ebpi. Reshjet e dendura &hellip;<\/p>\n","protected":false},"author":4,"featured_media":90468,"comment_status":"closed","ping_status":"closed","sticky":false,"template":"","format":"standard","meta":{"footnotes":""},"categories":[37],"tags":[],"class_list":["post-90467","post","type-post","status-publish","format-standard","has-post-thumbnail","","category-politike"],"_links":{"self":[{"href":"https:\/\/rdnews.al\/index.php\/wp-json\/wp\/v2\/posts\/90467","targetHints":{"allow":["GET"]}}],"collection":[{"href":"https:\/\/rdnews.al\/index.php\/wp-json\/wp\/v2\/posts"}],"about":[{"href":"https:\/\/rdnews.al\/index.php\/wp-json\/wp\/v2\/types\/post"}],"author":[{"embeddable":true,"href":"https:\/\/rdnews.al\/index.php\/wp-json\/wp\/v2\/users\/4"}],"replies":[{"embeddable":true,"href":"https:\/\/rdnews.al\/index.php\/wp-json\/wp\/v2\/comments?post=90467"}],"version-history":[{"count":0,"href":"https:\/\/rdnews.al\/index.php\/wp-json\/wp\/v2\/posts\/90467\/revisions"}],"wp:featuredmedia":[{"embeddable":true,"href":"https:\/\/rdnews.al\/index.php\/wp-json\/wp\/v2\/media\/90468"}],"wp:attachment":[{"href":"https:\/\/rdnews.al\/index.php\/wp-json\/wp\/v2\/media?parent=90467"}],"wp:term":[{"taxonomy":"category","embeddable":true,"href":"https:\/\/rdnews.al\/index.php\/wp-json\/wp\/v2\/categories?post=90467"},{"taxonomy":"post_tag","embeddable":true,"href":"https:\/\/rdnews.al\/index.php\/wp-json\/wp\/v2\/tags?post=90467"}],"curies":[{"name":"wp","href":"https:\/\/api.w.org\/{rel}","templated":true}]}}