{"id":90479,"date":"2024-10-04T16:50:08","date_gmt":"2024-10-04T16:50:08","guid":{"rendered":"https:\/\/rdnews.al\/?p=90479"},"modified":"2024-10-04T16:50:08","modified_gmt":"2024-10-04T16:50:08","slug":"salianji-peleshit-kur-rama-te-flaku-si-minister-pse-tu-mbyllen-hetimet","status":"publish","type":"post","link":"https:\/\/rdnews.al\/index.php\/2024\/10\/04\/salianji-peleshit-kur-rama-te-flaku-si-minister-pse-tu-mbyllen-hetimet\/","title":{"rendered":"Salianji-Peleshit: Kur Rama t\u00eb flaku si minister, pse t\u2019u mbyll\u00ebn hetimet?"},"content":{"rendered":"<p>Deputeti Ervin Salianji p\u00ebrmes avokat\u00ebve t\u00eb tij ka reaguar ndaj deklaratave t\u00eb kryetarit t\u00eb Grupit Parlamentar\u00a0t\u00eb PS, Niko Peleshi.<\/p>\n<p>N\u00eb reagimin e tij, Salianjit thot\u00eb se padrejt\u00ebsin\u00eb q\u00eb prodhon kapja dhe p\u00ebrdorimi politik i gjyqtar\u00ebve, nuk shp\u00ebtojn\u00eb as nga drejt\u00ebsia e njeriut as nga ajo e historis\u00eb.<\/p>\n<p>Salianji shprehet se vet\u00eb Niko Peleshi \u00ebsht\u00eb p\u00ebrfitues, personalisht nga dy standartet e drejt\u00ebsis\u00eb, kur Rama e flaku si minister, nd\u00ebrsa iu hapen disa hetime.<\/p>\n<p>Salianji pyet se p\u00ebrse nuk u hetua plot\u00ebsisht dhe t\u00eb mbaj\u00eb p\u00ebrgjegj\u00ebsi Peleshi p\u00ebr helmet q\u00eb futi me firm\u00ebn e vet\u00eb kur ishte Minister Bujq\u00ebsie, nd\u00ebrkoh\u00eb q\u00eb ekspert\u00ebt e fush\u00ebs e kishin th\u00ebn\u00eb fjal\u00ebn e tyre q\u00eb k\u00ebto kimikate helmonin qytetar\u00ebt.<\/p>\n<p>Publiku do te dij\u00eb; ku jan\u00eb hetimet p\u00ebr\u00a0Peleshin, kur ai del n\u00eb komunikime p\u00ebr korrupsion n\u00eb koh\u00ebn kur drejtonte Bashkin\u00eb Kor\u00e7\u00eb, ashtu sikurse qyetar\u00ebt k\u00ebrkojn\u00eb t\u00eb informohen se a ka hetim p\u00ebr pron\u00ebsit\u00eb e shumta t\u00eb tij n\u00eb Kor\u00e7\u00eb?<\/p>\n<p>Tashsm\u00eb thekson Salianji, PD proteston kund\u00ebr kapjes dhe p\u00ebrdorimit t\u00eb drejt\u00ebsis\u00eb, \u00e7do qytetar mund ta gjykoj\u00eb vet\u00eb n\u00ebse i sh\u00ebrben kjo interesit qytetar!<\/p>\n<p><strong>Reagimi i Ervin Salianjit ndaj deklarat\u00ebs s\u00eb Niko Peleshit, nga kabina telefonike e burgut t\u00eb Fierit dh\u00ebn\u00eb avokatit.<\/strong><\/p>\n<p>Po reagojm\u00eb ndaj padrejt\u00ebsis\u00eb, q\u00eb e prodhon kapja dhe p\u00ebrdorimi politik i gjykatave!<\/p>\n<p>Vendime t\u00eb padrejta historia njeh me simbole t\u00eb m\u00ebdha! Edhe Mandela u gjykua nga Rivonia Trial dhe u burgos, Martin Luter King u gjykua nga gjykatat, edhe madje Gandi u gjykua e d\u00ebnua nga gjykatat.<\/p>\n<p>Ata q\u00eb guxuan t\u2019i d\u00ebnojn\u00eb, nuk shp\u00ebtuan as nga drejt\u00ebsia e njeriut as nga ajo e historis\u00eb.<\/p>\n<p>Sot, Partia Demokratike proteston kund\u00ebr kapjes dhe p\u00ebrdorimit t\u00eb drejt\u00ebsis\u00eb, \u00e7do qytetar mund ta gjykoj\u00eb vet\u00eb n\u00ebse i sh\u00ebrben kjo interesit qytetar!<\/p>\n<p>I sh\u00ebrbejm\u00eb Shqip\u00ebris\u00eb duke denoncuar bandit\u00ebt e\u00a0 kriminele me pushtet, duke denoncuar k\u00ebta q\u00eb vjedhin e shkretojn\u00eb Shqiperin\u00eb?!<\/p>\n<p>Niko Peleshi \u00ebsht\u00eb p\u00ebrfitues, personalisht nga dy standartet e drejt\u00ebsise. Kur Rama e flaku si minist\u00ebr ju hapen disa hetime.<\/p>\n<p>Pyetja \u00ebsht\u00eb pse nuk u hetua plot\u00ebsisht dhe t\u00eb mbaj\u00eb p\u00ebrgjegj\u00ebsi Peleshi p\u00ebr helmet q\u00eb futi me firm\u00ebn e vet\u00eb kur ishte Minister Bujq\u00ebsie,\u00a0 nd\u00ebrkoh\u00eb q\u00eb ekspert\u00ebt e fush\u00ebs\u00a0 e kishin th\u00ebn\u00eb fjal\u00ebn e tyre q\u00eb k\u00ebto kimikate helmonin qytetar\u00ebt!<\/p>\n<p>Publiku do te dij\u00eb; ku jan\u00eb hetimet p\u00ebr Peleshin, kur ai del n\u00eb komunikime p\u00ebr korrupsion n\u00eb koh\u00ebn kur drejtonte Bashkin\u00eb Kor\u00e7\u00eb?<\/p>\n<p>Publiku do t\u00eb dij\u00eb, a ka hetim p\u00ebr pron\u00ebsit\u00eb e shumta t\u00eb tij n\u00eb Kor\u00e7\u00eb?<\/p>\n<p>\u00c7far\u00eb\u00a0 shkakton d\u00ebm per intersin publik, helmimi i qytetareve, korrupsioni dhe klientelizmi i Peleshit apo denoncimi im i nj\u00eb trafikanti droge i cili u shp\u00ebtua nga hetimi dhe d\u00ebnimi i ri p\u00ebr trafik droge p\u00ebr shkak se u paketua brenda dites per ne Itali?!<\/p>\n<p>Nese th\u00ebnia e t\u00eb v\u00ebrtetave dhe denocnimet e mafies kane kosto, po marr persiper \u00e7do kosto dhe izolimin e privimin e padrejt\u00eb t\u00eb lirise dhe marrjen e mandatit t\u00eb qytetareve, por ta harrojne se kjo do t\u00eb ndal\u00eb t\u00eb v\u00ebrtetat.<\/p>\n<p>E mos shesin m\u00eb kumbullat e pangr\u00ebnshme t\u00eb propagand\u00ebs, se gjoja nuk komentoj\u00eb vendimet e gjykatave, k\u00ebt\u00eb alibi ja ka shuar Rama, ishte ai q\u00eb\u00a0 ne parlament e paralajmeroi n\u00eb 3 seanca denimin tim politik. Ishte Rama vet\u00eb q\u00eb\u00a0 dhe pas vendimit,\u00a0 i doli per zot denimit, duke I dh\u00ebn\u00eb argumenta gjykat\u00ebs q\u00eb ende sot nuk po i shpall.<\/p>\n<p>E verteta vonon por nuk harron!<\/p>\n","protected":false},"excerpt":{"rendered":"<p>Deputeti Ervin Salianji p\u00ebrmes avokat\u00ebve t\u00eb tij ka reaguar ndaj deklaratave t\u00eb kryetarit t\u00eb Grupit Parlamentar\u00a0t\u00eb PS, Niko Peleshi. N\u00eb reagimin e tij, Salianjit thot\u00eb se padrejt\u00ebsin\u00eb q\u00eb prodhon kapja dhe p\u00ebrdorimi politik i gjyqtar\u00ebve, nuk shp\u00ebtojn\u00eb as nga drejt\u00ebsia e njeriut as nga ajo e historis\u00eb. Salianji shprehet se vet\u00eb Niko Peleshi \u00ebsht\u00eb p\u00ebrfitues, &hellip;<\/p>\n","protected":false},"author":4,"featured_media":75895,"comment_status":"closed","ping_status":"closed","sticky":false,"template":"","format":"standard","meta":{"footnotes":""},"categories":[37],"tags":[],"class_list":["post-90479","post","type-post","status-publish","format-standard","has-post-thumbnail","","category-politike"],"_links":{"self":[{"href":"https:\/\/rdnews.al\/index.php\/wp-json\/wp\/v2\/posts\/90479","targetHints":{"allow":["GET"]}}],"collection":[{"href":"https:\/\/rdnews.al\/index.php\/wp-json\/wp\/v2\/posts"}],"about":[{"href":"https:\/\/rdnews.al\/index.php\/wp-json\/wp\/v2\/types\/post"}],"author":[{"embeddable":true,"href":"https:\/\/rdnews.al\/index.php\/wp-json\/wp\/v2\/users\/4"}],"replies":[{"embeddable":true,"href":"https:\/\/rdnews.al\/index.php\/wp-json\/wp\/v2\/comments?post=90479"}],"version-history":[{"count":0,"href":"https:\/\/rdnews.al\/index.php\/wp-json\/wp\/v2\/posts\/90479\/revisions"}],"wp:featuredmedia":[{"embeddable":true,"href":"https:\/\/rdnews.al\/index.php\/wp-json\/wp\/v2\/media\/75895"}],"wp:attachment":[{"href":"https:\/\/rdnews.al\/index.php\/wp-json\/wp\/v2\/media?parent=90479"}],"wp:term":[{"taxonomy":"category","embeddable":true,"href":"https:\/\/rdnews.al\/index.php\/wp-json\/wp\/v2\/categories?post=90479"},{"taxonomy":"post_tag","embeddable":true,"href":"https:\/\/rdnews.al\/index.php\/wp-json\/wp\/v2\/tags?post=90479"}],"curies":[{"name":"wp","href":"https:\/\/api.w.org\/{rel}","templated":true}]}}