{"id":90481,"date":"2024-10-04T16:59:36","date_gmt":"2024-10-04T16:59:36","guid":{"rendered":"https:\/\/rdnews.al\/?p=90481"},"modified":"2024-10-04T16:59:36","modified_gmt":"2024-10-04T16:59:36","slug":"korreshi-zbulon-dy-porosite-qe-u-jane-lene-demokrateve-per-protesten-kombetare","status":"publish","type":"post","link":"https:\/\/rdnews.al\/index.php\/2024\/10\/04\/korreshi-zbulon-dy-porosite-qe-u-jane-lene-demokrateve-per-protesten-kombetare\/","title":{"rendered":"Korreshi zbulon dy porosit\u00eb q\u00eb u jan\u00eb l\u00ebn\u00eb demokrat\u00ebve p\u00ebr protest\u00ebn komb\u00ebtare"},"content":{"rendered":"<p>Deputeti i PD, Saimir Korreshi \u00ebsht\u00eb shprehur se p\u00ebr protest\u00ebn e 7 tetorit, dy porosi kan\u00eb marr\u00eb, nj\u00ebra \u00ebsht\u00eb q\u00eb t\u00eb p\u00ebrcillet mesazhi dhe tjetra t\u00eb sjellin njer\u00ebz n\u00eb shesh.<\/p>\n<p>Ai tha se njer\u00ebzit jan\u00eb lodhur nga fjal\u00ebt, teksa shtoi se ka ardhur koha q\u00eb ta b\u00ebjn\u00eb vet\u00eb programin.<\/p>\n<p>\u201cLodh\u00ebn njer\u00ebzit me fjal\u00eb kan\u00eb 12 vite q\u00eb na d\u00ebgjojn\u00eb. Tani ka ardhur koha q\u00eb njer\u00ebzit ta b\u00ebjn\u00eb vet\u00eb programin. Patjet\u00ebr q\u00eb organizimi ka menduar di\u00e7ka. Ne na \u00ebsht\u00eb l\u00ebn\u00eb detyr\u00eb per\u00e7ja ja e mesazhit dhe sjellja e njer\u00ebzve n\u00eb protest\u00eb\u201d, tha Korreshi.<\/p>\n<p>Ai foli dhe p\u00ebr qeverin\u00eb teknike, ku tha duhet t\u00eb marrin pjes\u00eb ata q\u00eb nuk kandidojn\u00eb. Nd\u00ebr t\u00eb tjera deputeti demokrat shtoi\u00a0se ka ardhur koha p\u00ebr ndryshime kushtetuese.<\/p>\n<p>\u201cNuk njoh argument pse t\u00eb mos b\u00ebjm\u00eb protest\u00eb. Duke filluar pse u d\u00ebnuam ne, mandati i Olta Xha\u00e7k\u00ebs, komisionet q\u00eb jan\u00eb ngritur me miliona euro. Duam qeveri teknike, duke qen\u00eb se kemi 34 vite q\u00eb \u00e7do force politike \u00ebsht\u00eb ankuar p\u00ebr zgjedhje t\u00eb votave. N\u00eb k\u00ebto kushte, ka ardhur koha t\u00eb kemi ndryshime kushtetuese si RMV.<\/p>\n<p>Qeveri teknike duhet t\u00eb marrin pjes\u00eb ata q\u00eb nuk kandidojn\u00eb. T\u00eb mos vihen ata q\u00eb thot\u00eb PD, por ato q\u00eb duan t\u00eb t\u00eb dyja pal\u00ebt\u201d, tha Korreshi.<\/p>\n","protected":false},"excerpt":{"rendered":"<p>Deputeti i PD, Saimir Korreshi \u00ebsht\u00eb shprehur se p\u00ebr protest\u00ebn e 7 tetorit, dy porosi kan\u00eb marr\u00eb, nj\u00ebra \u00ebsht\u00eb q\u00eb t\u00eb p\u00ebrcillet mesazhi dhe tjetra t\u00eb sjellin njer\u00ebz n\u00eb shesh. Ai tha se njer\u00ebzit jan\u00eb lodhur nga fjal\u00ebt, teksa shtoi se ka ardhur koha q\u00eb ta b\u00ebjn\u00eb vet\u00eb programin. \u201cLodh\u00ebn njer\u00ebzit me fjal\u00eb kan\u00eb 12 &hellip;<\/p>\n","protected":false},"author":4,"featured_media":63996,"comment_status":"closed","ping_status":"closed","sticky":false,"template":"","format":"standard","meta":{"footnotes":""},"categories":[37],"tags":[],"class_list":["post-90481","post","type-post","status-publish","format-standard","has-post-thumbnail","","category-politike"],"_links":{"self":[{"href":"https:\/\/rdnews.al\/index.php\/wp-json\/wp\/v2\/posts\/90481","targetHints":{"allow":["GET"]}}],"collection":[{"href":"https:\/\/rdnews.al\/index.php\/wp-json\/wp\/v2\/posts"}],"about":[{"href":"https:\/\/rdnews.al\/index.php\/wp-json\/wp\/v2\/types\/post"}],"author":[{"embeddable":true,"href":"https:\/\/rdnews.al\/index.php\/wp-json\/wp\/v2\/users\/4"}],"replies":[{"embeddable":true,"href":"https:\/\/rdnews.al\/index.php\/wp-json\/wp\/v2\/comments?post=90481"}],"version-history":[{"count":0,"href":"https:\/\/rdnews.al\/index.php\/wp-json\/wp\/v2\/posts\/90481\/revisions"}],"wp:featuredmedia":[{"embeddable":true,"href":"https:\/\/rdnews.al\/index.php\/wp-json\/wp\/v2\/media\/63996"}],"wp:attachment":[{"href":"https:\/\/rdnews.al\/index.php\/wp-json\/wp\/v2\/media?parent=90481"}],"wp:term":[{"taxonomy":"category","embeddable":true,"href":"https:\/\/rdnews.al\/index.php\/wp-json\/wp\/v2\/categories?post=90481"},{"taxonomy":"post_tag","embeddable":true,"href":"https:\/\/rdnews.al\/index.php\/wp-json\/wp\/v2\/tags?post=90481"}],"curies":[{"name":"wp","href":"https:\/\/api.w.org\/{rel}","templated":true}]}}