{"id":90489,"date":"2024-10-04T17:52:44","date_gmt":"2024-10-04T17:52:44","guid":{"rendered":"https:\/\/rdnews.al\/?p=90489"},"modified":"2024-10-04T17:52:44","modified_gmt":"2024-10-04T17:52:44","slug":"martin-henze-shqiperia-nen-autokracine-e-rames-po-shkon-drejt-nje-shteti-policor-sipas-modelit-serb","status":"publish","type":"post","link":"https:\/\/rdnews.al\/index.php\/2024\/10\/04\/martin-henze-shqiperia-nen-autokracine-e-rames-po-shkon-drejt-nje-shteti-policor-sipas-modelit-serb\/","title":{"rendered":"Martin Henze: Shqip\u00ebria n\u00ebn autokracin\u00eb e Ram\u00ebs po shkon drejt nj\u00eb shteti policor sipas modelit serb"},"content":{"rendered":"<p>Martin Henze, k\u00ebshilltari p\u00ebr \u00e7\u00ebshtjet ekonomike n\u00eb CDU-n\u00eb gjermane dhe ish-k\u00ebshilltar i kancelares Merkel, mbajti sonte fjal\u00ebn e tij n\u00eb tuimin e p\u00ebrnatsh\u00ebm n\u00eb \u201cRrug\u00ebn e Shpres\u00ebs\u201d.<\/p>\n<p>Henze u shpreh se, sfida e Shqip\u00ebris\u00eb p\u00ebr fat t\u00eb keq vazhdon p\u00ebr shkak t\u00eb kryeministrit Rama dhe q\u00eb nga 2019 vihet n\u00eb diskutim edhe nevoja deri n\u00eb nj\u00eb revolucion.<\/p>\n<p>\u201cD\u00ebshiroj t&#8217;ju p\u00ebrcjell p\u00ebrsh\u00ebndetje t\u00eb p\u00ebrzem\u00ebrta nga Berlini, nga Unioni Kristiandemokrat.<\/p>\n<p>Ne me demokrat\u00ebt jemi s\u00eb bashku n\u00eb nj\u00eb parti n\u00eb gjith\u00eb Evrop\u00ebn, po k\u00ebshtu edhe n\u00eb shtetet e bashkuara dhe ju duhet t\u00eb jeni t\u00eb sigurt q\u00eb ne q\u00ebndrojm\u00eb gjithmon\u00eb n\u00eb krah t\u00eb Shqip\u00ebris\u00eb, jo thjesht\u00eb t\u00eb nj\u00eb p\u00ebrfaq\u00ebsuesi t\u00eb nj\u00eb p\u00ebrfaq\u00ebsie t\u00eb caktuar, por t\u00eb t\u00eb gjith\u00eb shqiptar\u00ebve.<\/p>\n<p>Sot, mbi 32 vite pasi Shqip\u00ebria ka fituar t\u00eb drejt\u00ebn q\u00eb t\u00eb p\u00ebrcaktoj\u00eb fatin e vet, s\u00ebrish sfida vazhdon, p\u00ebr ta \u00e7uar Shqip\u00ebrin\u00eb sa m\u00eb para dhe p\u00ebr ta p\u00ebrmir\u00ebsuar at\u00eb sa me shum\u00eb.<\/p>\n<p>Sfida p\u00ebr fat t\u00eb keq vazhdon p\u00ebr shkak t\u00eb kryeministrit Rama dhe q\u00eb nga 2019 vihet n\u00eb diskutim edhe nevoja deri n\u00eb nj\u00eb revolucion.<\/p>\n<p>Sfida vazhdon m\u00eb tutje p\u00ebr shkak se zgjedhjet n\u00eb Shqip\u00ebri manipulohen q\u00eb prej vitit 2013, 1.4 milion shqiptar\u00eb kan\u00eb braktisur vendin.<\/p>\n<p>Sfida shkon me tutje p\u00ebr shkak t\u00eb korrupsionit qeveritar t\u00eb administrat\u00ebs Rama, t\u00eb eksportit t\u00eb drog\u00ebrave n\u00eb Evrop\u00eb q\u00eb helmojn\u00eb rinin\u00eb evropiane p\u00ebr shkak t\u00eb pastrimit t\u00eb parave, trafikut t\u00eb njer\u00ebzve, t\u00eb cilat t\u00eb gjitha jan\u00eb rritur s\u00eb bashku n\u00eb m\u00ebnyr\u00eb eksponenciale.<\/p>\n<p>Sfida vazhdon, sfida shkon m\u00eb tej p\u00ebr shkak t\u00eb zgjedhjeve t\u00eb ardhshme t\u00eb vitit 2025, t\u00eb cilat edhe Sipas nesh n\u00eb Berlin, Edi Rama, autokracia e Edi Ram\u00ebs do t\u00eb p\u00ebrpiqet n\u00ebp\u00ebrmjet presionit q\u00eb t\u2019u mbyll\u00eb goj\u00ebn shqiptar\u00ebve.<\/p>\n<p>Udh\u00ebheq\u00ebs t\u00eb opozit\u00ebs si Sali Berisha, q\u00eb \u00ebsht\u00eb edhe nj\u00eb mik shum\u00eb i mir\u00eb i imi, kryebashku i Himar\u00ebs Fredi Bejleri si dhe deputeti i Partise Demokratike t\u00eb Shqip\u00ebris\u00eb Ervin Salianji, jan\u00eb arrestuar, jan\u00eb ndaluar pa asnj\u00eb t\u00eb drejt\u00eb ligjore.<\/p>\n<p>Shqip\u00ebria n\u00eb vitin 2024, \u00ebsht\u00eb n\u00eb rrug\u00ebn e nj\u00eb shteti policor t drejtuar nga Moska sipas modelit Serb, sipas gazet\u00ebs me t\u00eb madhe t\u00eb evrop\u00ebs, sikurse thot\u00eb gazeta Bild, e drejtuar nga mafia e qeveris\u00eb Rama\u201d, u shpreh Henze.<\/p>\n","protected":false},"excerpt":{"rendered":"<p>Martin Henze, k\u00ebshilltari p\u00ebr \u00e7\u00ebshtjet ekonomike n\u00eb CDU-n\u00eb gjermane dhe ish-k\u00ebshilltar i kancelares Merkel, mbajti sonte fjal\u00ebn e tij n\u00eb tuimin e p\u00ebrnatsh\u00ebm n\u00eb \u201cRrug\u00ebn e Shpres\u00ebs\u201d. Henze u shpreh se, sfida e Shqip\u00ebris\u00eb p\u00ebr fat t\u00eb keq vazhdon p\u00ebr shkak t\u00eb kryeministrit Rama dhe q\u00eb nga 2019 vihet n\u00eb diskutim edhe nevoja deri n\u00eb &hellip;<\/p>\n","protected":false},"author":4,"featured_media":90490,"comment_status":"closed","ping_status":"closed","sticky":false,"template":"","format":"standard","meta":{"footnotes":""},"categories":[37],"tags":[],"class_list":["post-90489","post","type-post","status-publish","format-standard","has-post-thumbnail","","category-politike"],"_links":{"self":[{"href":"https:\/\/rdnews.al\/index.php\/wp-json\/wp\/v2\/posts\/90489","targetHints":{"allow":["GET"]}}],"collection":[{"href":"https:\/\/rdnews.al\/index.php\/wp-json\/wp\/v2\/posts"}],"about":[{"href":"https:\/\/rdnews.al\/index.php\/wp-json\/wp\/v2\/types\/post"}],"author":[{"embeddable":true,"href":"https:\/\/rdnews.al\/index.php\/wp-json\/wp\/v2\/users\/4"}],"replies":[{"embeddable":true,"href":"https:\/\/rdnews.al\/index.php\/wp-json\/wp\/v2\/comments?post=90489"}],"version-history":[{"count":0,"href":"https:\/\/rdnews.al\/index.php\/wp-json\/wp\/v2\/posts\/90489\/revisions"}],"wp:featuredmedia":[{"embeddable":true,"href":"https:\/\/rdnews.al\/index.php\/wp-json\/wp\/v2\/media\/90490"}],"wp:attachment":[{"href":"https:\/\/rdnews.al\/index.php\/wp-json\/wp\/v2\/media?parent=90489"}],"wp:term":[{"taxonomy":"category","embeddable":true,"href":"https:\/\/rdnews.al\/index.php\/wp-json\/wp\/v2\/categories?post=90489"},{"taxonomy":"post_tag","embeddable":true,"href":"https:\/\/rdnews.al\/index.php\/wp-json\/wp\/v2\/tags?post=90489"}],"curies":[{"name":"wp","href":"https:\/\/api.w.org\/{rel}","templated":true}]}}