{"id":90525,"date":"2024-10-04T19:43:14","date_gmt":"2024-10-04T19:43:14","guid":{"rendered":"https:\/\/rdnews.al\/?p=90525"},"modified":"2024-10-04T19:43:14","modified_gmt":"2024-10-04T19:43:14","slug":"7-tetori-beteja-qytetare-me-e-rendesishme-e-32-viteve","status":"publish","type":"post","link":"https:\/\/rdnews.al\/index.php\/2024\/10\/04\/7-tetori-beteja-qytetare-me-e-rendesishme-e-32-viteve\/","title":{"rendered":"7 tetori, beteja qytetare m\u00eb e r\u00ebnd\u00ebsishme e 32 viteve"},"content":{"rendered":"<p>Sali BERISHA<\/p>\n<p>Mir\u00ebmbr\u00ebma dhe p\u00ebrsh\u00ebndetjet m\u00eb t\u00eb p\u00ebrzem\u00ebrta, ju misionareve dhe misionar\u00ebve t\u00eb pamposhtur t\u00eb kauz\u00ebs s\u00eb drejt\u00eb t\u00eb \u00e7do qytetari shqiptar.<\/p>\n<p>Nj\u00eb p\u00ebrsh\u00ebndetje t\u00eb p\u00ebrzem\u00ebrt orator\u00ebve t\u00eb k\u00ebsaj tribune t\u00eb fjal\u00ebs s\u00eb lir\u00eb. Por sonte, n\u00eb em\u00ebr tuajin dua t\u00eb fal\u00ebnderoj me mir\u00ebnjohje t\u00eb thell\u00eb dhe p\u00ebrzem\u00ebrsi t\u00eb ve\u00e7ant\u00eb mikun e \u00e7muar t\u00eb PD, K\u00ebshilltarin p\u00ebr Ekonomin\u00eb t\u00eb Bashkimit kristian-demokrat gjerman, z.Martin Henz, i cili m\u00eb af\u00ebr se kushdo tjet\u00ebr ka mb\u00ebshtetur dhe ka ndjekur zhvillimet n\u00eb Shqip\u00ebri.<\/p>\n<p>Ne i jemi shum\u00eb mir\u00ebnjoh\u00ebs mikut ton\u00eb.<\/p>\n<p>Zonja dhe zot\u00ebrinj, 7 tetori, ora 18 dit\u00ebn e h\u00ebn\u00eb po afron. Dhe kjo \u00ebsht\u00eb beteja qytetare m\u00eb e r\u00ebnd\u00ebsishme e 32 viteve. Kjo \u00ebsht\u00eb beteja e guximtar\u00ebve p\u00ebr dinjitetin e tyre, p\u00ebr lirin\u00eb e tyre, p\u00ebr vot\u00ebn e lir\u00eb.<\/p>\n<p>T\u00eb dashur miq, pa vot\u00eb t\u00eb lir\u00eb nuk ka njeri t\u00eb lir\u00eb. Pa vot\u00ebn e lir\u00eb dinjiteti njer\u00ebzor nuk ekziston. Pa vot\u00ebn e lir\u00eb, fatin t\u00ebnd e ka n\u00eb duar t\u00eb zeza t\u00eb tjer\u00eb.<\/p>\n<p>Pa vot\u00ebn e lir\u00eb, kombi nuk ka sovranitet t\u00eb br\u00ebndsh\u00ebm, por \u00ebsht\u00eb thjesht nj\u00eb shum\u00ebsi e shtypur e narkodiktatorit, Edi Rama.<\/p>\n<p>Pa vot\u00ebn e lir\u00eb nuk ka t\u00eb ardhme n\u00eb vendin ku ke lindur, nuk ka t\u00eb ardhme p\u00ebr t\u00eb rintj\u00eb, p\u00ebr f\u00ebmij\u00ebt tan\u00eb.<\/p>\n<p>Pa vot\u00ebn e lir\u00eb liria komb\u00ebtare \u00ebsht\u00eb nj\u00eb shkret\u00ebtir\u00eb pa bim\u00eb, \u00ebsht\u00eb nj\u00eb shkret\u00ebtir\u00eb e vdekur, e zbrazur.<\/p>\n<p>Theksova k\u00ebto fjal\u00eb vet\u00ebm e vet\u00ebm p\u00ebr t\u00eb b\u00ebr\u00eb t\u00eb qart\u00eb se \u00e7far\u00eb r\u00ebnd\u00ebsie jetike, \u00e7far\u00eb r\u00ebnd\u00ebsie vendimtare ka beteja jon\u00eb p\u00ebr vot\u00ebn e lir\u00eb.<\/p>\n<p>Ndaj edhe, n\u00eb k\u00ebt\u00eb mision m\u00eb i r\u00ebnd\u00ebsishmi n\u00eb t\u00eb eksiztenc\u00ebn e saj, PD nuk do t\u00eb zhg\u00ebnjej\u00eb kurr\u00eb shqiptar\u00ebt. PD nis k\u00ebt\u00eb mision e vendosur p\u00ebr \u00e7do sakrific\u00eb.<\/p>\n<p>PD nis misionin e rikthimit t\u00eb vot\u00ebs s\u00eb lir\u00eb tek shqiptar\u00ebt. E betuar p\u00ebr \u00e7do sakrific\u00eb, e gatshme p\u00ebr \u00e7do sakrific\u00eb.<\/p>\n<p>I them Edi Ram\u00ebs, harroje se mund t\u00eb luash m\u00eb, kurr\u00eb, me vot\u00ebn e shqiptar\u00ebve.<\/p>\n<p>Harroje Edi Rama, se mund t\u00eb ekzekutosh vot\u00ebn e shqiptar\u00ebve me patronazhist\u00ebt e tu, terrorist\u00eb t\u00eb saj.<\/p>\n<p>Se mund t\u00eb ekzekutosh vot\u00ebn e shqiptar\u00ebve me vras\u00ebsit serial\u00eb, me bandat e drog\u00ebs dhe krimit, familjet mafioze. Se mund t\u00eb ekzekutosh vot\u00ebn e shqiptar\u00ebve me shtetin t\u00ebnd elektoral narkoshtet.<\/p>\n<p>Se mund t\u00eb ekzekutosh me vot\u00ebn e shqiptar\u00ebve duke derdhur qindra e miliona narkoeuro p\u00ebr t\u00eb bler\u00eb at\u00eb.<\/p>\n<p>Edi Rama kjo betej\u00eb \u00ebsht\u00eb p\u00ebr jet\u00ebn ose vdekjen e vot\u00ebs s\u00eb lir\u00eb, dhe ne kurr\u00eb nuk dor\u00ebzohemi!<\/p>\n<p>Edi Rama, dije mir\u00eb se fillon t\u00eb h\u00ebn\u00ebn, por nuk ndalet kurr\u00eb gjer n\u00eb rikthimin e vot\u00ebs s\u00eb lir\u00eb.<\/p>\n<p>Ky \u00ebsht\u00eb mision i shenjt\u00eb, ky \u00ebsht\u00eb mision njer\u00ebzor, ky \u00ebsht\u00eb mision demokratik, ky \u00ebsht\u00eb mision kushtetues, ky \u00ebsht\u00eb mision komb\u00ebtar.<\/p>\n<p>Ne do i dalim Zot!<\/p>\n<p>Miqt\u00eb e mi, pasnes\u00ebr n\u00eb Tunizin\u00eb e Sajedit, n\u00eb Tunizin\u00eb e Edi Ram\u00ebs, Tunizis\u00eb, votohet. Por si votohet do thoni ju?<\/p>\n<p>T\u00eb dashur miq, n\u00eb Tunizi votohet nj\u00eblloj si n\u00eb Shqip\u00ebri. Diktatori Sajed p\u00ebr t\u00eb marr\u00eb mandatin ka burgosur liderin e opozit\u00ebs t\u00eb pratis\u00eb kryesore.<\/p>\n<p>Diktatori Sajed, p\u00ebr t\u00eb marr\u00eb mandatin, nj\u00eblloj si Sajedi i Tiran\u00ebs, ka p\u00ebrndjekur politikisht liderin e\u00a0 partis\u00eb s\u00eb dyt\u00eb opozitare. Diktatori Sajedi i Tunizis\u00eb, nj\u00eblloj si Sajedi i Tiran\u00ebs, burgosi dy dit\u00eb m\u00eb par\u00eb edhe liderin e partis\u00eb s\u00eb fundit t\u00eb vog\u00ebl opoziare.<\/p>\n<p>Ja pra, se si Sajedi i Tunizis\u00eb, nj\u00eblloj si Sajedi i Tiran\u00ebs k\u00ebrkon t\u00eb marr\u00eb mandatin, duke burgosur, arrestuar kund\u00ebrshtar\u00ebt e tij politik\u00eb.<\/p>\n<p>Miqt\u00eb e mi, kjo \u00ebsht\u00eb nj\u00eb betej\u00eb pra p\u00ebr ekzistenc\u00ebn e liris\u00eb, e dinjitetit, e opozit\u00ebs, e rotacionit t\u00eb pushtetit, e fitores.<\/p>\n<p>T\u00eb dashur miq, ju d\u00ebgjoni r\u00ebndom\u00eb vuvuzelat, papagajt\u00eb e Edi Ram\u00ebs, deputet\u00ebt e krimit, an\u00ebtar\u00ebt e organizat\u00ebs kriminale t\u00eb qeveris\u00eb, se si deklarojn\u00eb \u00e7do dit\u00eb se k\u00ebto jan\u00eb pun\u00ebt e drejt\u00ebsis\u00eb, se \u00e7\u00ebshtja e Berish\u00ebs, \u00e7\u00ebshtje me drejt\u00ebsi.<\/p>\n<p>Se \u00e7\u00ebshtja e Salianjit, Ilir Met\u00ebs, apo e Fred Belerit jan\u00eb \u00e7\u00ebshtje t\u00eb tyre me drejt\u00ebsi.<\/p>\n<p>Un\u00eb u them k\u00ebtyre sh\u00ebrb\u00ebtor\u00ebve t\u00eb shpifur t\u00eb Edi Ram\u00ebs, t\u00eb zhveshur nga \u00e7do norm\u00eb dhe standart moral, k\u00ebtyre skllev\u00ebrve t\u00eb krimeve t\u00eb tyre q\u00eb paguhen dhe l\u00ebpijn\u00eb kocka q\u00eb iu hedh Edi Rama, se \u00e7\u00ebshtja e liris\u00eb s\u00eb individit, se \u00e7\u00ebshtja e gjyqeve me d\u00ebshmitar\u00eb t\u00eb rrem\u00eb, \u00ebsht\u00eb \u00e7\u00ebshtje e \u00e7do njeriu t\u00eb lir\u00eb, \u00ebsht\u00eb \u00e7\u00ebshtje e liris\u00eb s\u00eb v\u00ebrtet\u00eb, e demokracis\u00eb, e Kushtetut\u00ebs, e ligjit p\u00ebr \u00e7do qytetar.<\/p>\n<p>Un\u00eb iu them k\u00ebtyre papagajve mjeran\u00eb t\u00eb Edi Ram\u00ebs q\u00eb kalojn\u00eb si hiena nga studio n\u00eb studio, se me k\u00ebto pretendime dhe k\u00ebto fjal\u00eb q\u00eb thoni vet\u00ebm zhvisheni lakuriq, m\u00eb keq se Edi Rama plazheve t\u00eb bot\u00ebs.<\/p>\n<p>P\u00ebrshtyni mbi veten tuaj, posht\u00ebroni veten, tregoni veten, njer\u00ebz t\u00eb zhveshur nga \u00e7do vler\u00eb. Papagaj mjeran\u00eb q\u00eb p\u00ebrs\u00ebrisni ato q\u00eb ju jep me 5 leksha zyra e shtypit e Edi Ram\u00ebs.<\/p>\n<p>Por ne, shqiptar\u00ebt nuk gabohen. Shqiptar\u00ebt nuk jan\u00eb tunizian\u00eb, shqiptar\u00ebt jan\u00eb shqiptar\u00eb. Dhe Edi Ram\u00ebs do t\u2019i rezervojn\u00eb fundin e et\u00ebrve barbar\u00eb t\u00eb tij mizor\u00eb!<\/p>\n<p>Beteja fillon t\u00eb h\u00ebn\u00ebn! Beteja ndalet vet\u00ebm n\u00eb fitore!<\/p>\n<p>Ndaj qytetare dhe qytetar\u00eb nga mabr\u00eb Shqip\u00ebria, marshim drejt Tiran\u00ebs, marshim drejt shpres\u00ebs, marshim drejt fitores!<\/p>\n<p>Rrofshi ju, rroft\u00eb Shqip\u00ebria!<\/p>\n<p>Fitore, fitore, fitore!<\/p>\n<p>\u00cbsht\u00eb radha jon\u00eb, \u00ebsht\u00eb radha jon\u00eb, \u00ebsht\u00eb radha jon\u00eb!<\/p>\n<p>O sot, o kurr\u00eb!<\/p>\n","protected":false},"excerpt":{"rendered":"<p>Sali BERISHA Mir\u00ebmbr\u00ebma dhe p\u00ebrsh\u00ebndetjet m\u00eb t\u00eb p\u00ebrzem\u00ebrta, ju misionareve dhe misionar\u00ebve t\u00eb pamposhtur t\u00eb kauz\u00ebs s\u00eb drejt\u00eb t\u00eb \u00e7do qytetari shqiptar. Nj\u00eb p\u00ebrsh\u00ebndetje t\u00eb p\u00ebrzem\u00ebrt orator\u00ebve t\u00eb k\u00ebsaj tribune t\u00eb fjal\u00ebs s\u00eb lir\u00eb. Por sonte, n\u00eb em\u00ebr tuajin dua t\u00eb fal\u00ebnderoj me mir\u00ebnjohje t\u00eb thell\u00eb dhe p\u00ebrzem\u00ebrsi t\u00eb ve\u00e7ant\u00eb mikun e \u00e7muar t\u00eb PD, &hellip;<\/p>\n","protected":false},"author":3,"featured_media":67589,"comment_status":"closed","ping_status":"closed","sticky":false,"template":"","format":"standard","meta":{"footnotes":""},"categories":[37],"tags":[],"class_list":["post-90525","post","type-post","status-publish","format-standard","has-post-thumbnail","","category-politike"],"_links":{"self":[{"href":"https:\/\/rdnews.al\/index.php\/wp-json\/wp\/v2\/posts\/90525","targetHints":{"allow":["GET"]}}],"collection":[{"href":"https:\/\/rdnews.al\/index.php\/wp-json\/wp\/v2\/posts"}],"about":[{"href":"https:\/\/rdnews.al\/index.php\/wp-json\/wp\/v2\/types\/post"}],"author":[{"embeddable":true,"href":"https:\/\/rdnews.al\/index.php\/wp-json\/wp\/v2\/users\/3"}],"replies":[{"embeddable":true,"href":"https:\/\/rdnews.al\/index.php\/wp-json\/wp\/v2\/comments?post=90525"}],"version-history":[{"count":0,"href":"https:\/\/rdnews.al\/index.php\/wp-json\/wp\/v2\/posts\/90525\/revisions"}],"wp:featuredmedia":[{"embeddable":true,"href":"https:\/\/rdnews.al\/index.php\/wp-json\/wp\/v2\/media\/67589"}],"wp:attachment":[{"href":"https:\/\/rdnews.al\/index.php\/wp-json\/wp\/v2\/media?parent=90525"}],"wp:term":[{"taxonomy":"category","embeddable":true,"href":"https:\/\/rdnews.al\/index.php\/wp-json\/wp\/v2\/categories?post=90525"},{"taxonomy":"post_tag","embeddable":true,"href":"https:\/\/rdnews.al\/index.php\/wp-json\/wp\/v2\/tags?post=90525"}],"curies":[{"name":"wp","href":"https:\/\/api.w.org\/{rel}","templated":true}]}}