{"id":90561,"date":"2024-10-05T12:13:35","date_gmt":"2024-10-05T12:13:35","guid":{"rendered":"https:\/\/rdnews.al\/?p=90561"},"modified":"2024-10-05T12:13:35","modified_gmt":"2024-10-05T12:13:35","slug":"ja-sa-do-te-rritet-siguracioni-per-makinat-vitin-e-ardhshem","status":"publish","type":"post","link":"https:\/\/rdnews.al\/index.php\/2024\/10\/05\/ja-sa-do-te-rritet-siguracioni-per-makinat-vitin-e-ardhshem\/","title":{"rendered":"Ja sa do t\u00eb rritet siguracioni p\u00ebr makinat vitin e ardhsh\u00ebm"},"content":{"rendered":"<p>Duke filluar nga viti i ardhsh\u00ebm, \u00e7mimet e sigurimit t\u00eb detyruesh\u00ebm t\u00eb mjeteve nuk do t\u00eb jen\u00eb t\u00eb nj\u00ebjta p\u00ebr t\u00eb gjith\u00eb.<\/p>\n<p>Tarifat e reja do t\u00eb jen\u00eb t\u00eb diferencuara, bazuar n\u00eb nj\u00eb list\u00eb faktor\u00ebsh q\u00eb lidhen me vjet\u00ebresin\u00eb e mjetit dhe historikun e aksidenteve t\u00eb shofer\u00ebve.<\/p>\n<p>I ftuar n\u00eb studion e Euronews Tonight, gazetari Neritan Gjergo sqaroi se do t\u00eb ket\u00eb disa faktor\u00eb t\u00eb p\u00ebrcaktuar nga Autoriteti i Mbik\u00ebqyrjes Financiare, q\u00eb do t\u00eb ndikojn\u00eb n\u00eb \u00e7mimin e sigurimit t\u00eb makin\u00ebs.<\/p>\n<p>\u201cDeri para 10 vitesh flitej vet\u00ebm p\u00ebr historikun e d\u00ebmve, nd\u00ebrkoh\u00eb q\u00eb me propozimin e Autoritetit t\u00eb Mbik\u00ebqyrjes Financiare, jan\u00eb nj\u00eb s\u00ebr\u00eb faktor t\u00eb tjer\u00ebsh n\u00eb p\u00ebrcaktimin e \u00e7mimeve. Fuqia motorike do p\u00ebrcaktoj\u00eb \u00e7mimin. Mosha e t\u00eb sigururarit, dmth n\u00ebse nj\u00eb individ \u00ebsht\u00eb i ri n\u00eb mosh\u00eb gjat\u00eb dy viteve t\u00eb para do paguaj\u00eb m\u00eb shum\u00eb. P\u00ebrvoja n\u00eb drejtimin e mjetit, n\u00ebse e merr lejen e drejtimit t\u00eb mjetit n\u00eb mosh\u00eb t\u00eb madhe, dy vitet e para do t\u00eb paguaj\u00eb m\u00eb shum\u00eb. Qarku ku \u00ebsht\u00eb regjistruar mjeti, mosha e mjetit, sa m\u00eb e vjet\u00ebr makina, aq m\u00eb shum\u00eb paguhet.\u201d \u2013sqaroi Gjergo.<\/p>\n<p>M\u00eb tej, sa i takon d\u00ebmeve t\u00eb shkakatuara ndaj makin\u00ebs n\u00eb raport me \u00e7mimin e sigurimit, gazetari shpjegoi se n\u00eb var\u00ebsi t\u00eb d\u00ebmit t\u00eb makin\u00ebs gjat\u00eb viti, vendoset nj\u00eb koeficient, i cili shum\u00ebzohet me \u00e7mimin e sigurimit t\u00eb makin\u00ebs.<\/p>\n<p>\u201cMe sistemin bonus-malus ishte vendosur nj\u00eb prioritet ku t\u00eb gjith\u00eb drejtuesit kishin nj\u00eb koficent nj\u00eb. N\u00ebse kishin nj\u00eb histori t\u00eb drejtimit t\u00eb mir\u00eb t\u00eb mjetiti nga viti n\u00eb vit paguanin m\u00eb pak. Tashm\u00eb m\u00eb asnj\u00eb d\u00ebm t\u00eb raportuar gjat\u00eb vitit e ul \u00e7mimin e siguracionit duke e shum\u00ebzuar me 0,95. Sot \u00e7mimet e policave t\u00eb sigurimit q\u00ebndrojn\u00eb midis 16 mij\u00eb dhe 18 mij\u00eb. Pra n\u00ebse nj\u00eb individ nuk ka d\u00ebme shum\u00ebzohet me 0.95. Nj\u00eb d\u00ebm i raportuar gjat\u00eb vitit shum\u00ebzohet me 1,25 dhe dy ose m\u00eb shum\u00eb d\u00ebme gjat\u00eb 3 viteve t\u00eb fundit shum\u00ebzohet me deri n\u00eb 1,5,\u201d \u2013tha gazetari.<\/p>\n<p>Rregullat e reja jan\u00eb caktuar nga Autoriteti i Mbik\u00ebqyrjes Financiare, si pjes\u00eb e nj\u00eb projekti t\u00eb diskutuar disa vite m\u00eb par\u00eb, por kompanit\u00eb e sigurimeve nuk ishin gati ta zbatonin.<\/p>\n<p>Vet\u00ebm vitin e kaluar, kompanit\u00eb mblodh\u00ebn 141 mln euro nga sigurimi motorik, nd\u00ebrsa paguan p\u00ebr d\u00ebmet e makinave 49 mln euro.<\/p>\n","protected":false},"excerpt":{"rendered":"<p>Duke filluar nga viti i ardhsh\u00ebm, \u00e7mimet e sigurimit t\u00eb detyruesh\u00ebm t\u00eb mjeteve nuk do t\u00eb jen\u00eb t\u00eb nj\u00ebjta p\u00ebr t\u00eb gjith\u00eb. Tarifat e reja do t\u00eb jen\u00eb t\u00eb diferencuara, bazuar n\u00eb nj\u00eb list\u00eb faktor\u00ebsh q\u00eb lidhen me vjet\u00ebresin\u00eb e mjetit dhe historikun e aksidenteve t\u00eb shofer\u00ebve. I ftuar n\u00eb studion e Euronews Tonight, gazetari &hellip;<\/p>\n","protected":false},"author":4,"featured_media":90562,"comment_status":"closed","ping_status":"closed","sticky":false,"template":"","format":"standard","meta":{"footnotes":""},"categories":[37],"tags":[],"class_list":["post-90561","post","type-post","status-publish","format-standard","has-post-thumbnail","","category-politike"],"_links":{"self":[{"href":"https:\/\/rdnews.al\/index.php\/wp-json\/wp\/v2\/posts\/90561","targetHints":{"allow":["GET"]}}],"collection":[{"href":"https:\/\/rdnews.al\/index.php\/wp-json\/wp\/v2\/posts"}],"about":[{"href":"https:\/\/rdnews.al\/index.php\/wp-json\/wp\/v2\/types\/post"}],"author":[{"embeddable":true,"href":"https:\/\/rdnews.al\/index.php\/wp-json\/wp\/v2\/users\/4"}],"replies":[{"embeddable":true,"href":"https:\/\/rdnews.al\/index.php\/wp-json\/wp\/v2\/comments?post=90561"}],"version-history":[{"count":0,"href":"https:\/\/rdnews.al\/index.php\/wp-json\/wp\/v2\/posts\/90561\/revisions"}],"wp:featuredmedia":[{"embeddable":true,"href":"https:\/\/rdnews.al\/index.php\/wp-json\/wp\/v2\/media\/90562"}],"wp:attachment":[{"href":"https:\/\/rdnews.al\/index.php\/wp-json\/wp\/v2\/media?parent=90561"}],"wp:term":[{"taxonomy":"category","embeddable":true,"href":"https:\/\/rdnews.al\/index.php\/wp-json\/wp\/v2\/categories?post=90561"},{"taxonomy":"post_tag","embeddable":true,"href":"https:\/\/rdnews.al\/index.php\/wp-json\/wp\/v2\/tags?post=90561"}],"curies":[{"name":"wp","href":"https:\/\/api.w.org\/{rel}","templated":true}]}}