{"id":90564,"date":"2024-10-05T12:16:43","date_gmt":"2024-10-05T12:16:43","guid":{"rendered":"https:\/\/rdnews.al\/?p=90564"},"modified":"2024-10-05T12:16:43","modified_gmt":"2024-10-05T12:16:43","slug":"permbytjet-ne-vlore-banoret-jemi-ne-qiell-te-hapur-askush-ska-reaguar","status":"publish","type":"post","link":"https:\/\/rdnews.al\/index.php\/2024\/10\/05\/permbytjet-ne-vlore-banoret-jemi-ne-qiell-te-hapur-askush-ska-reaguar\/","title":{"rendered":"P\u00ebrmbytjet n\u00eb Vlor\u00eb\/ Banor\u00ebt: Jemi n\u00eb qiell t\u00eb hapur, askush s&#8217;ka reaguar!"},"content":{"rendered":"<div id=\"rekl-49\">Nj\u00eb ngjarje e r\u00ebnd\u00eb ka ndodhur n\u00eb zon\u00ebn e kalas\u00eb n\u00eb Vlor\u00eb, p\u00ebr shkak t\u00eb r\u00ebnies s\u00eb gur\u00ebve nga nj\u00eb shk\u00ebmb n\u00eb zon\u00eb, duke shkaktuar d\u00ebme t\u00eb konsiderueshme n\u00eb banesa, t\u00eb cilat tashm\u00eb jan\u00eb jasht\u00eb funksionit.<\/div>\n<div class=\"readmore-text-here\">\n<p>Banor\u00ebt e prekur raportojn\u00eb se gur\u00ebt dhe balta kan\u00eb hyr\u00eb brenda, duke krijuar kushte t\u00eb pap\u00ebrshtatshme p\u00ebr jetes\u00eb.<\/p>\n<p>D\u00ebshmitar\u00ebt e ngjarjes tregojn\u00eb se n\u00eb momentin e r\u00ebnies, ata dol\u00ebn jasht\u00eb p\u00ebr siguri dhe k\u00ebrkuan ndihm\u00eb nga institucionet, por deri tani nuk kan\u00eb marr\u00eb asnj\u00eb reagim.<\/p>\n<div id=\"rekl-13\">\n<div id=\"__sap-ad-15\" class=\"__sap-ads __sap-html inline tracked\" data-title=\"Credins desktop Brenda lajmit 08\">Banor\u00ebt b\u00ebjn\u00eb thirrje p\u00ebr nd\u00ebrhyrje urgjente dhe mb\u00ebshtetje nga autoritetet pasi jan\u00eb n\u00eb qiell t\u00eb hapur.<\/div>\n<\/div>\n<p><iframe loading=\"lazy\" class=\"rumble\" src=\"https:\/\/rumble.com\/embed\/v5faajp\/?pub=1j3sut\" width=\"640\" height=\"360\" frameborder=\"0\" allowfullscreen=\"allowfullscreen\" data-mce-fragment=\"1\"><\/iframe><\/p>\n<\/div>\n<div id=\"rekl-45\"><\/div>\n<div id=\"rekl-16\"><\/div>\n<div id=\"rekl-33\"><\/div>\n","protected":false},"excerpt":{"rendered":"<p>Nj\u00eb ngjarje e r\u00ebnd\u00eb ka ndodhur n\u00eb zon\u00ebn e kalas\u00eb n\u00eb Vlor\u00eb, p\u00ebr shkak t\u00eb r\u00ebnies s\u00eb gur\u00ebve nga nj\u00eb shk\u00ebmb n\u00eb zon\u00eb, duke shkaktuar d\u00ebme t\u00eb konsiderueshme n\u00eb banesa, t\u00eb cilat tashm\u00eb jan\u00eb jasht\u00eb funksionit. Banor\u00ebt e prekur raportojn\u00eb se gur\u00ebt dhe balta kan\u00eb hyr\u00eb brenda, duke krijuar kushte t\u00eb pap\u00ebrshtatshme p\u00ebr jetes\u00eb. D\u00ebshmitar\u00ebt &hellip;<\/p>\n","protected":false},"author":4,"featured_media":90565,"comment_status":"closed","ping_status":"closed","sticky":false,"template":"","format":"standard","meta":{"footnotes":""},"categories":[37],"tags":[],"class_list":["post-90564","post","type-post","status-publish","format-standard","has-post-thumbnail","","category-politike"],"_links":{"self":[{"href":"https:\/\/rdnews.al\/index.php\/wp-json\/wp\/v2\/posts\/90564","targetHints":{"allow":["GET"]}}],"collection":[{"href":"https:\/\/rdnews.al\/index.php\/wp-json\/wp\/v2\/posts"}],"about":[{"href":"https:\/\/rdnews.al\/index.php\/wp-json\/wp\/v2\/types\/post"}],"author":[{"embeddable":true,"href":"https:\/\/rdnews.al\/index.php\/wp-json\/wp\/v2\/users\/4"}],"replies":[{"embeddable":true,"href":"https:\/\/rdnews.al\/index.php\/wp-json\/wp\/v2\/comments?post=90564"}],"version-history":[{"count":0,"href":"https:\/\/rdnews.al\/index.php\/wp-json\/wp\/v2\/posts\/90564\/revisions"}],"wp:featuredmedia":[{"embeddable":true,"href":"https:\/\/rdnews.al\/index.php\/wp-json\/wp\/v2\/media\/90565"}],"wp:attachment":[{"href":"https:\/\/rdnews.al\/index.php\/wp-json\/wp\/v2\/media?parent=90564"}],"wp:term":[{"taxonomy":"category","embeddable":true,"href":"https:\/\/rdnews.al\/index.php\/wp-json\/wp\/v2\/categories?post=90564"},{"taxonomy":"post_tag","embeddable":true,"href":"https:\/\/rdnews.al\/index.php\/wp-json\/wp\/v2\/tags?post=90564"}],"curies":[{"name":"wp","href":"https:\/\/api.w.org\/{rel}","templated":true}]}}