{"id":90567,"date":"2024-10-05T12:22:39","date_gmt":"2024-10-05T12:22:39","guid":{"rendered":"https:\/\/rdnews.al\/?p=90567"},"modified":"2024-10-05T12:28:58","modified_gmt":"2024-10-05T12:28:58","slug":"permbytjet-ne-vlore-pd-papergjeshmeri-e-bashkise-se-rilindur-prokuroria-te-hetoje","status":"publish","type":"post","link":"https:\/\/rdnews.al\/index.php\/2024\/10\/05\/permbytjet-ne-vlore-pd-papergjeshmeri-e-bashkise-se-rilindur-prokuroria-te-hetoje\/","title":{"rendered":"P\u00ebrmbytjet n\u00eb Vlor\u00eb, PD: Pap\u00ebrgjeshm\u00ebri e bashkis\u00eb s\u00eb rilindur, Prokuroria t\u00eb hetoj\u00eb!"},"content":{"rendered":"<p>Partia Demokratike e Vlor\u00ebs ka reaguar pas p\u00ebrmbytjeve katasrofike t\u00eb qytetit bregdetar. Kreu i saj, Atird\u00a0Hoxha tha se p\u00ebrmbytjet e fundit soll\u00ebn sjell\u00eb pasoja t\u00eb r\u00ebnda p\u00ebr shum\u00eb familje dhe pronat e tyre.<\/p>\n<p>Kjo sipas tij, p\u00ebr shkak t\u00eb keqmenaxhimit dhe pap\u00ebrgjegjshm\u00ebris\u00eb s\u00eb nj\u00eb kryebashkiaku t\u00eb rilindur, si Ermal Dredha.<\/p>\n<p>Pavar\u00ebsisht \u2018pun\u00ebs\u2019 n\u00eb terren, sipas kreut t\u00eb PD Vlor\u00eb nga kjo Bashki, p\u00ebrfundimisht, kjo qeveri dhe ky model, kan\u00eb treguar se nuk kan\u00eb m\u00eb turp e cip\u00eb dhe nuk duan t\u00eb din\u00eb m\u00eb p\u00ebr qytetin e qytetar\u00ebt.<\/p>\n<p>Lidhur me p\u00ebrmbytjet n\u00eb qytetin e Vlor\u00ebs, PD k\u00ebrkon nga organi procedures t\u00eb nis\u00eb menj\u00ebher\u00eb hetimet dhe t\u00eb nxjerr\u00eb para ligjit, p\u00ebrgjegj\u00ebsit kryesor t\u00eb k\u00ebsaj situate.<\/p>\n<p><strong>Deklarata<\/strong><\/p>\n<p>T\u00eb dashur qytetar\u00eb,<\/p>\n<p>P\u00ebrmbytjet e fundit q\u00eb kan\u00eb goditur qytetin ton\u00eb kan\u00eb sjell\u00eb pasoja t\u00eb r\u00ebnda p\u00ebr shum\u00eb familje dhe pronat e tyre.<\/p>\n<p>Fatkeq\u00ebsisht, k\u00ebto ngjarje t\u00eb r\u00ebnda dhe t\u00eb p\u00ebrs\u00ebritura jan\u00eb pasoj\u00eb e munges\u00ebs s\u00eb investimeve t\u00eb q\u00ebndrueshme n\u00eb infrastruktur\u00ebn urbane dhe planifikimin afatgjat\u00eb nga ana e bashkis\u00eb dhe qeveris\u00eb s\u00eb Rilindjes.<\/p>\n<p>Qyteti n\u00ebn uj\u00eb, \u00ebsht\u00eb nj\u00eb tregues i qart\u00eb i pap\u00ebrgjegjshm\u00ebris\u00eb n\u00eb menaxhimin e tij.<\/p>\n<p>P\u00ebrfundimisht, kjo qeveri, ky model nuk kan\u00eb m\u00eb turp e cip\u00eb dhe nuk duan t\u00eb din\u00eb m\u00eb p\u00ebr qytetin e qytetar\u00ebt.<\/p>\n<p>Mungesa e energjis\u00eb elektrike n\u00eb t\u00eb gjith\u00eb qytetin p\u00ebr or\u00eb t\u00eb t\u00ebra ka p\u00ebrkeq\u00ebsuar gjendjen n\u00eb shum\u00eb zona p\u00ebr shkak t\u00eb mosfunksionimit t\u00eb sistemeve.<\/p>\n<p>Drejtuesit e institucioneve duke filluar nga Kryetari i Bashkis\u00eb Vlor\u00eb Dredha i II\u00a0 n\u00eb rehatin\u00eb e tyre e prit\u00ebn t\u00eb pushoi shiu dhe u jepnin urdh\u00ebra punonj\u00ebsve q\u00eb i lan\u00eb n\u00eb m\u00ebshir\u00eb t\u00eb fatit, pa mjete me rrog\u00eb qesharake, nd\u00ebrkoh\u00eb q\u00eb rrogat e tyre i shtuan i b\u00ebn\u00eb miliona.<\/p>\n<p>Sot me siguri do ti shihni tek nxitojn\u00eb t\u00eb hedhin foto me punonj\u00ebs e makina, duke na treguar se po punojn\u00eb p\u00ebr rikthimin e normalitetit.<\/p>\n<p>Nj\u00eb popull q\u00eb paguan taksa p\u00ebr zyrtar\u00ebt q\u00eb e drejtojn\u00eb por q\u00eb mbytet nga keqqeverisja p\u00ebr 30 minuta, \u00ebsht\u00eb nj\u00eb popull i vjedhur n\u00eb m\u00ebnyr\u00eb kriminale dhe i p\u00ebrbuzur nga arroganca dhe cinizmi.<\/p>\n<p>Vlora dhe vlonjat\u00ebt nuk e meritojn\u00eb k\u00ebt\u00eb.<\/p>\n<p>N\u00eb k\u00ebto kushte Partia Demokratike Dega Vlor\u00eb i b\u00ebn thirrije Prokuroris\u00eb t\u00eb nisi menj\u00ebher\u00eb hetimin p\u00ebr situat\u00ebn e krijuar n\u00eb qytetin ton\u00eb pasi \u00ebsht\u00eb e qart\u00eb se nevoja p\u00ebr masa paraprake dhe efektive nuk \u00ebsht\u00eb p\u00ebrmbushur, duke l\u00ebn\u00eb qytetin t\u00eb pambrojtur e n\u00eb m\u00ebshir\u00ebn e fatit.<\/p>\n<p><img loading=\"lazy\" decoding=\"async\" class=\"alignnone size-medium wp-image-90568\" src=\"https:\/\/rdnews.al\/wp-content\/uploads\/2024\/10\/vl1-300x176.jpg\" alt=\"\" width=\"300\" height=\"176\" srcset=\"https:\/\/rdnews.al\/wp-content\/uploads\/2024\/10\/vl1-300x176.jpg 300w, https:\/\/rdnews.al\/wp-content\/uploads\/2024\/10\/vl1-768x449.jpg 768w, https:\/\/rdnews.al\/wp-content\/uploads\/2024\/10\/vl1.jpg 800w\" sizes=\"auto, (max-width: 300px) 100vw, 300px\" \/><\/p>\n","protected":false},"excerpt":{"rendered":"<p>Partia Demokratike e Vlor\u00ebs ka reaguar pas p\u00ebrmbytjeve katasrofike t\u00eb qytetit bregdetar. Kreu i saj, Atird\u00a0Hoxha tha se p\u00ebrmbytjet e fundit soll\u00ebn sjell\u00eb pasoja t\u00eb r\u00ebnda p\u00ebr shum\u00eb familje dhe pronat e tyre. Kjo sipas tij, p\u00ebr shkak t\u00eb keqmenaxhimit dhe pap\u00ebrgjegjshm\u00ebris\u00eb s\u00eb nj\u00eb kryebashkiaku t\u00eb rilindur, si Ermal Dredha. Pavar\u00ebsisht \u2018pun\u00ebs\u2019 n\u00eb terren, sipas &hellip;<\/p>\n","protected":false},"author":4,"featured_media":90572,"comment_status":"closed","ping_status":"closed","sticky":false,"template":"","format":"standard","meta":{"footnotes":""},"categories":[37],"tags":[],"class_list":["post-90567","post","type-post","status-publish","format-standard","has-post-thumbnail","","category-politike"],"_links":{"self":[{"href":"https:\/\/rdnews.al\/index.php\/wp-json\/wp\/v2\/posts\/90567","targetHints":{"allow":["GET"]}}],"collection":[{"href":"https:\/\/rdnews.al\/index.php\/wp-json\/wp\/v2\/posts"}],"about":[{"href":"https:\/\/rdnews.al\/index.php\/wp-json\/wp\/v2\/types\/post"}],"author":[{"embeddable":true,"href":"https:\/\/rdnews.al\/index.php\/wp-json\/wp\/v2\/users\/4"}],"replies":[{"embeddable":true,"href":"https:\/\/rdnews.al\/index.php\/wp-json\/wp\/v2\/comments?post=90567"}],"version-history":[{"count":0,"href":"https:\/\/rdnews.al\/index.php\/wp-json\/wp\/v2\/posts\/90567\/revisions"}],"wp:featuredmedia":[{"embeddable":true,"href":"https:\/\/rdnews.al\/index.php\/wp-json\/wp\/v2\/media\/90572"}],"wp:attachment":[{"href":"https:\/\/rdnews.al\/index.php\/wp-json\/wp\/v2\/media?parent=90567"}],"wp:term":[{"taxonomy":"category","embeddable":true,"href":"https:\/\/rdnews.al\/index.php\/wp-json\/wp\/v2\/categories?post=90567"},{"taxonomy":"post_tag","embeddable":true,"href":"https:\/\/rdnews.al\/index.php\/wp-json\/wp\/v2\/tags?post=90567"}],"curies":[{"name":"wp","href":"https:\/\/api.w.org\/{rel}","templated":true}]}}