{"id":90575,"date":"2024-10-05T16:29:55","date_gmt":"2024-10-05T16:29:55","guid":{"rendered":"https:\/\/rdnews.al\/?p=90575"},"modified":"2024-10-05T18:10:18","modified_gmt":"2024-10-05T18:10:18","slug":"grabitqari","status":"publish","type":"post","link":"https:\/\/rdnews.al\/index.php\/2024\/10\/05\/grabitqari\/","title":{"rendered":"Grabitqari"},"content":{"rendered":"<p><strong>Nga\u00a0Bujar LESKAJ<\/strong><\/p>\n<p>N\u00eb nj\u00ebmb\u00ebdhjet\u00eb vjet (keq)qeverisje t\u00eb vendit 2013-2024, Edi Rama u ka mohuar, shkat\u00ebrruar dhe grabitur shqiptar\u00ebve gjithshka: lirin\u00eb, dinjitetin, demokracin\u00eb, ndarjen e pushteteve, shtetin ligjor, pronat, pun\u00ebsimin e t\u00eb rinjve, kujdesin e duhur social, mir\u00ebq\u00ebnien, dhe idenditetin komb\u00ebtar.<\/p>\n<p>Praktikisht, u ka grabitur t\u00eb ardhmen. Lista e paudh\u00ebsive t\u00eb sektit Rama n\u00eb fuqi \u00ebsht\u00eb e gjat\u00eb, por po p\u00ebrmend dhjet\u00eb kryesoret mes tyre:<\/p>\n<p><strong>1.Grabit\u00ebs i liris\u00eb.<\/strong>\u00a0Liria e t\u00eb shprehurit dhe e t\u00eb folurit \u00ebsht\u00eb e pranishme vet\u00ebm n\u00eb strukturat e opozit\u00ebs dhe n\u00eb mediat e pavarura, ato t\u00eb pakta q\u00eb rezistojn\u00eb dhe ende nuk jan\u00eb bler\u00eb nga rregjimi i Ram\u00ebs.<\/p>\n<p>Kjo liri \u00ebsht\u00eb inekzistente n\u00eb administrat\u00ebn publike dhe deri tek institucionet e pavarura. Frika dhe antkhi i kan\u00eb z\u00ebn\u00eb v\u00ebndin liris\u00eb, sidomos n\u00eb punonj\u00ebsit e administrat\u00ebs s\u00eb shtetit shqiptar, t\u00eb gjurmuar dhe ndjekur hap pas hapi nga armata e patronazhist\u00ebve. K\u00ebta punonj\u00ebs, pas 11 vite raprezaljesh dhe largimi nga puna p\u00ebr mos-militantiz\u00ebm, kan\u00eb frik\u00ebp\u00ebr t\u00eb th\u00ebn\u00eb hapur \u00e7far\u00eb mendojn\u00eb, p\u00ebr t\u00eb denoncuar korrupsionin, abuzimet dhe nepotizmin, me t\u00eb cilat p\u00ebrballen \u00e7do dit\u00eb.<\/p>\n<p><strong>2.Grabit\u00ebs i dinjitetit.<\/strong>\u00a0Punonj\u00ebsit e administrat\u00ebs publike detyrohen t\u00eb marrin pjes\u00eb n\u00eb fanfarat e takimeve zgjedhore t\u00eb sektit n\u00eb pushtet, n\u00eb shkelje t\u00eb dinjitetit t\u00eb tyre. Marrin pjese, deri edhe m\u00ebsuesit e shkollave fillore, n\u00eb tubimet e m\u00ebtimet e t\u00eb ashtuquajturit \u201cLider Rajonal\u201d dhe kandidat\u00ebve t\u00eb tij, nga frika e humbjes s\u00eb vendit t\u00eb pun\u00ebs, p\u00ebr shkak t\u00eb hakmarrjes s\u00eb kloneve t\u00eb tij n\u00eb dikastere, drejtori qendrore dhe bashki.<\/p>\n<p>Sip\u00ebrmarr\u00ebsit dhe intelektual\u00ebt i ndruhen kontrolleve selektive t\u00eb tatimoreve, q\u00eb nuk kursejn\u00eb as OJF-t\u00eb e intelektual\u00ebve, kritikues ndaj praktikave abuzive t\u00eb sektit qeveris\u00ebs.<\/p>\n<p><strong>3.Grabit\u00ebs i demokracis\u00eb.\u00a0<\/strong>Sot n\u00eb Shqip\u00ebri nuk ka m\u00eb as demokraci dhe as frym\u00eb demokratike n\u00eb qeverisje. \u00cbsht\u00eb shuar gjithshka. Partia Socialiste nuk njihet m\u00eb. \u00cbsht\u00eb shnd\u00ebrruar n\u00eb nj\u00eb detashment t\u00eb bindur t\u00eb tekave t\u00eb \u201cLiderit Rajonal\u201d, me ministra e drejtues partie q\u00eb e m\u00ebsojn\u00eb \u201clive\u201d nga \u201cLideri\u201d shkarkimin n\u00eb mbledhjen shou t\u00eb rradh\u00ebs, pa marr\u00eb asnj\u00eb fjal\u00eb p\u00ebr arsyet e largimit.<\/p>\n<p>N\u00eb Kuvend, askush nga deputet\u00ebt e shumic\u00ebs nuk guxon t\u00eb thot\u00eb edhe nj\u00eb fraz\u00eb t\u00eb vetme q\u00eb mund t\u00eb mos i p\u00eblqej\u00eb Ram\u00ebs. K\u00ebta p\u00ebrfaq\u00ebsues t\u00eb vullnetit t\u00eb qytetar\u00ebve nuk e njohin m\u00eb mendimin ose opinionin alternativ dhe autocensurohen me pahir ose d\u00ebshir\u00eb.<\/p>\n<p><strong>4.Shkat\u00ebrrues i bashk\u00ebpunimit pozit\u00eb-opozit\u00eb dhe i ndarjes s\u00eb pushteteve.\u00a0<\/strong>Rama ka vrar\u00eb mund\u00ebsit\u00eb e bashk\u00ebpunimit pozit\u00eb-opozit\u00eb p\u00ebr interesat madhore t\u00eb vendit, duke e konsideruar n\u00eb m\u00ebnyr\u00eb t\u00eb parreshtuar opozit\u00ebn si armike, p\u00ebrmes nj\u00eb fjalori denigrues, sulmeve verbale dhe tentativave p\u00ebr blerje t\u00eb p\u00ebrfaq\u00ebsuesve t\u00eb opozit\u00ebs.<\/p>\n<p>Ka nj\u00ebmb\u00ebdhjet\u00eb vjet q\u00eb n\u00eb Shqip\u00ebri nuk ka m\u00eb ndarje t\u00eb pushteteve. Legjislativi \u00ebsht\u00eb shnd\u00ebrruar n\u00eb nj\u00eb noter t\u00eb r\u00ebndomt\u00eb t\u00eb qeveris\u00eb. Institucionet e pavarura kushtetuese jan\u00eb t\u00eb topitura dhe t\u00eb pagoja nga thundra e Ram\u00ebs, me p\u00ebrjashtim t\u00eb Bank\u00ebs s\u00eb Shqip\u00ebris\u00eb, nd\u00ebrsa pushteti i kat\u00ebrt, mediat, jan\u00eb bler\u00eb n\u00eb shumic\u00ebn d\u00ebrrmuese t\u00eb tyre nga tenderat e sektit n\u00eb qeverisje.<\/p>\n<p><strong>5.Grabit\u00ebs i shtetit ligjor dhe kap\u00ebs i paskrupullt i shtetit t\u00eb shqiptar\u00ebve.\u00a0<\/strong>Sipas Transparency International dhe SELDI, Lidershipi i Europ\u00ebs Juglindore p\u00ebr Zhvillim dhe Integrim, Shqip\u00ebria nxin n\u00eb rajon dhe m\u00eb tej, p\u00ebr ligje t\u00eb p\u00ebrgatitura mbi baz\u00ebn eskluzive t\u00eb interesave t\u00eb nj\u00eb lobi biznesi, madje edhe t\u00eb nj\u00eb biznesi apo oligarku t\u00eb caktuar.\u00a0 Mjafton t\u00eb p\u00ebrmendim ligjin p\u00ebr Teatrin Komb\u00ebtar, ligjin p\u00ebr Mediat Audiovizive, ligjin p\u00ebr Loj\u00ebrat e Fatit, p\u00ebr Lotarin\u00eb Komb\u00ebtare, ligjin p\u00ebr Koncensionet dhe PPP-t\u00eb, p\u00ebr autostrad\u00ebn Milot-Balldre, p\u00ebr kompanin\u00eb Air Albania, masakr\u00ebn e tokave sipas ligjit Nr. 2020, abuzimet masive me Ligjin e Investitorit Strategjik, ndryshimet n\u00eb ligjin mbi Zonat e Mbrojtura, etj.<\/p>\n<p><strong>6.Grabit\u00ebs i pronave t\u00eb shqiptar\u00ebve<\/strong>. Rama u ka grabitur tokat n\u00eb bregdet banor\u00ebve t\u00eb Jugut, p\u00ebr t\u2019ua dh\u00ebn\u00eb oligark\u00ebve t\u00eb tij, duke p\u00ebrdorur si mash\u00eb Ligjin e Investitorit Strategjik .<\/p>\n<p><strong>7.Shkat\u00ebrrues i t\u00eb ardhmes s\u00eb t\u00eb rinjve.<\/strong>\u00a0Sipas INSTAT, n\u00eb dhjet\u00eb vitet e fundit 2014-2023 jan\u00eb larguar nga vendi mbi 700 mij\u00eb vet\u00eb, ose sikur t\u00eb boshatisen qarku i Fierit, Vlor\u00ebs dhe Kuk\u00ebsit marr\u00eb s\u00eb bashku! Nga k\u00ebta, 345 mij\u00eb t\u00eb larguar jan\u00eb t\u00eb rinj t\u00eb gupmoshave 19-27 vje\u00e7. Sipas EuroBarometrit 2023, mbi 75 p\u00ebrqind e grupmoshave 19-27 vje\u00e7 n\u00eb Shqip\u00ebri duan t\u00eb emigrojn\u00eb, ose gati tet\u00eb n\u00eb dhjet\u00eb t\u00eb rinj, duke mos par\u00eb asnj\u00eb mund\u00ebsi p\u00ebr t\u00eb realizuar aspiratat e tyre dhe nd\u00ebrtuar t\u00eb ardhmen n\u00eb atdhe.<\/p>\n<p>Me nepotizmin dhe politizimin ekstrem t\u00eb administrat\u00ebs publike, q\u00eb ua kan\u00eb b\u00ebr\u00eb t\u00eb pamundur t\u00eb rinjve t\u00eb arsimuar jasht\u00eb t\u00eb pun\u00ebsohen n\u00eb shtet n\u00eb atdhe, me indiferentizmin vrastar ndaj aspiratave t\u00eb t\u00eb rinjve q\u00eb diplomohen n\u00eb Shqip\u00ebri, sekti Rama ka shkat\u00ebrruar t\u00eb ardhmen e t\u00eb rinjve k\u00ebtu, praktikisht t\u00eb ardhmen e vendit!<\/p>\n<p><strong>8.Rr\u00ebnues i identitetit komb\u00ebtar.<\/strong>\u00a0Rama do t\u00eb mbahet mend n\u00eb historin\u00eb 112 vje\u00e7are t\u00eb vendit, si dor\u00ebzues i interesave komb\u00ebtare, duke minuar perspektiv\u00ebn e konkurrueshm\u00ebris\u00eb s\u00eb ekonomis\u00eb komb\u00ebtare, me pjes\u00ebmarrjen n\u00eb nism\u00ebn \u201cBallkani i Hapur\u201d t\u00eb v\u00ebllait t\u00eb tij siamez, Presidentit serb Aleksand\u00ebr Vu\u00e7i\u00e7. Si Rama dhe Vu\u00e7i\u00e7, u soll\u00ebn q\u00eb t\u00eb dy si minues t\u00eb Procesit t\u00eb Berlinit, duke e detyruar at\u00eb t\u00eb ngadal\u00ebsonte duksh\u00ebm dhe t\u00eb hapte krahun p\u00ebr vite t\u00eb t\u00ebra, p\u00ebr t\u2019i l\u00ebn\u00eb udh\u00eb surrogatit \u201cBallkani i Hapur\u201d q\u00eb gatuan vet\u00eb.<\/p>\n<p>Rama \u00ebsht\u00eb arkitekti i dor\u00ebzimit t\u00eb detit tek grek\u00ebt, me nj\u00eb r\u00ebnie dakord me qeverin\u00eb e vendit fqinj, p\u00ebr ta adresuar \u00e7\u00ebshtjen n\u00eb nj\u00eb gjykat\u00eb nd\u00ebrkomb\u00ebtare, duke dob\u00ebsuar duksh\u00ebm pozit\u00ebn komb\u00ebtare n\u00eb p\u00ebrcaktimin e ujrave t\u00eb Shqip\u00ebris\u00eb, sipas rregullave t\u00eb mir\u00ebp\u00ebrcaktuara t\u00eb vij\u00ebs bregdetare.<\/p>\n<p>\u201cLideri Rajonal\u201d do t\u00eb hyj\u00eb n\u00eb histori p\u00ebr t\u00eb keq dhe p\u00ebr turp, me grabitjen e Butrintit p\u00ebrmes dh\u00ebnies me koncesion, nj\u00eb form\u00eb rejt\u00ebsisht e pazakont\u00eb dhe e paprecedent n\u00eb Evrop\u00eb e trajtimit t\u00eb thesareve arkeologjike t\u00eb vendit, qe p\u00ebrb\u00ebn nj\u00eb goditje mizore dhe shkat\u00ebrruese ndaj trash\u00ebgimis\u00eb son\u00eb kulturore, ruajtjes dhe zhvillimit t\u00eb saj.<\/p>\n<p>Rama dhe sekti i tij do t\u00eb mbahen mend p\u00ebr t\u00eb keq dhe p\u00ebr turp edhe p\u00ebr gllab\u00ebrimin e Sheshit t\u00eb Flamurit n\u00eb Vlor\u00eb dhe p\u00ebrgjysmimin e sip\u00ebrfaqes s\u00eb tij, gjoja duke e \u201crikualifikuar\u201d. Nd\u00ebrhyrjet n\u00eb Shesh p\u00ebrb\u00ebjn\u00eb nj\u00eb goditje t\u00eb r\u00ebnd\u00eb t\u00eb simbolit dhe vet\u00ebdijes komb\u00ebtare p\u00ebr vlerat tona historike.<\/p>\n<p><strong>9.Mohues i kujdesit t\u00eb duhur ndaj shtresave n\u00eb nevoj\u00eb.<\/strong>\u00a0Gjat\u00eb pandemis\u00eb nga Covid-19, Shqip\u00ebria kishte p\u00ebrqindjen m\u00eb t\u00eb ul\u00ebt t\u00eb GDP-s\u00eb p\u00ebr ndihm\u00ebn ndaj shtresave n\u00eb nevoj\u00eb n\u00eb Ballkanin Per\u00ebndimor, me vet\u00ebm 2.4% t\u00eb PBB-s\u00eb, nd\u00ebrsa koefi\u00e7ienti GINI i Pabarazis\u00eb ka n\u00eb Shqip\u00ebri nj\u00eb nivel shum\u00eb t\u00eb lart\u00eb, i cili n\u00ebnkuption se hendeku mes te varferve dhe t\u00eb pasurve n\u00eb vend po thellohet gjithnj\u00eb e m\u00eb shum\u00eb.<\/p>\n<p>Duke u tallur me shpresat e 717 mij\u00eb pesionist\u00ebve, Rama vijon me paturp\u00ebsi t\u00eb flas\u00eb p\u00ebr rritje t\u00eb ndjeshme pensionesh dhe p\u00ebr reform\u00eb t\u00eb thell\u00eb t\u00eb tyre, edhe pse n\u00eb nj\u00ebmb\u00ebdhjet\u00eb vitet e fundit, pensionet nuk jan\u00eb rritur asnj\u00ebher\u00eb, por vet\u00ebm indeksuar.<\/p>\n<p><strong>10.Rr\u00ebnues i mir\u00ebq\u00ebnies s\u00eb shqiptar\u00ebve.<\/strong>\u00a0P\u00ebr 11 vite rrjesht 2014-2024, Rama injoroi \u00e7do propozim dhe projektligj nga opozita dhe shoq\u00ebria civile, p\u00ebr caktimin e Minimumit Jetik Zyrtar, \u00e7far\u00eb do t\u00eb kishte dyfishuar menj\u00ebher\u00eb asistenc\u00ebn sociale dhe do t\u00eb kishte b\u00ebr\u00eb q\u00eb asnj\u00eb pension n\u00eb Shqip\u00ebri t\u00eb mos ishte posht\u00eb minimumit jetik prej 180 euro n\u00eb muaj.<\/p>\n<p>P\u00ebr shkak t\u00eb k\u00ebtij mohimi, shqiptar\u00ebt mbeten populli m\u00eb i varf\u00ebr i Europ\u00ebs, sipas nj\u00eb renditjeje q\u00eb Eurostat ka b\u00ebr\u00eb bazuar n\u00eb pag\u00ebn minimale, n\u00eb korrik t\u00eb vitit 2024. Shqip\u00ebria renditet vendi m\u00eb i varf\u00ebr n\u00eb kontinent, p\u00ebr shkak t\u00eb fuqis\u00eb bler\u00ebse m\u00eb t\u00eb ul\u00ebt t\u00eb paras\u00eb tek ne, edhe pse paga minimale n\u00eb Shqip\u00ebri \u00ebsht\u00eb m\u00eb e lart\u00eb se ajo n\u00eb Moldavi dhe Ukrain\u00eb.<\/p>\n<p>N\u00eb vitin 2013, borxhi publik p\u00ebr frym\u00eb p\u00ebr \u00e7do qytetar ishte 2,237 euro. N\u00eb vitin 2024 u zmadhua n\u00eb 5,647 euro p\u00ebr frym\u00eb, me nj\u00eb rritje 2.5 her\u00eb!<\/p>\n<p>P\u00ebr k\u00ebt\u00eb vit, sekti i pap\u00ebrgjegjsh\u00ebm n\u00eb qeverisjen e Shqip\u00ebris\u00eb ka planifikuar rreth 13.3 miliard\u00eb lek\u00eb m\u00eb shum\u00eb shpenzime p\u00ebr interesat e borxhit publik t\u00eb vendit, n\u00eb krahasim me vitin 2023, ose 133 milion\u00eb euro m\u00eb shum\u00eb nga taksat tona.<\/p>\n<p>xxx<\/p>\n<p>Ky \u00ebsht\u00eb Rama dhe sekti i tij. K\u00ebto jan\u00eb \u201ckryeveprat\u201d e zeza t\u00eb q\u00ebndrimit t\u00eb tij n\u00eb pushtet. Prandaj dhe n\u00eb 7 tetor, t\u00eb gjith\u00eb shqiptar\u00ebt do t\u00eb protestojn\u00eb n\u00eb Tiran\u00eb, p\u00ebr t\u00eb p\u00ebrshpejtuar fundin e k\u00ebtij uzurpuesi dhe grabit\u00ebsi t\u00eb p\u00ebrbinsh\u00ebm t\u00eb demokracis\u00eb, liris\u00eb dhe mir\u00ebq\u00ebnies s\u00eb tyre.<\/p>\n","protected":false},"excerpt":{"rendered":"<p>Nga\u00a0Bujar LESKAJ N\u00eb nj\u00ebmb\u00ebdhjet\u00eb vjet (keq)qeverisje t\u00eb vendit 2013-2024, Edi Rama u ka mohuar, shkat\u00ebrruar dhe grabitur shqiptar\u00ebve gjithshka: lirin\u00eb, dinjitetin, demokracin\u00eb, ndarjen e pushteteve, shtetin ligjor, pronat, pun\u00ebsimin e t\u00eb rinjve, kujdesin e duhur social, mir\u00ebq\u00ebnien, dhe idenditetin komb\u00ebtar. Praktikisht, u ka grabitur t\u00eb ardhmen. Lista e paudh\u00ebsive t\u00eb sektit Rama n\u00eb fuqi \u00ebsht\u00eb &hellip;<\/p>\n","protected":false},"author":4,"featured_media":31036,"comment_status":"closed","ping_status":"closed","sticky":false,"template":"","format":"standard","meta":{"footnotes":""},"categories":[44],"tags":[],"class_list":["post-90575","post","type-post","status-publish","format-standard","has-post-thumbnail","","category-editorial"],"_links":{"self":[{"href":"https:\/\/rdnews.al\/index.php\/wp-json\/wp\/v2\/posts\/90575","targetHints":{"allow":["GET"]}}],"collection":[{"href":"https:\/\/rdnews.al\/index.php\/wp-json\/wp\/v2\/posts"}],"about":[{"href":"https:\/\/rdnews.al\/index.php\/wp-json\/wp\/v2\/types\/post"}],"author":[{"embeddable":true,"href":"https:\/\/rdnews.al\/index.php\/wp-json\/wp\/v2\/users\/4"}],"replies":[{"embeddable":true,"href":"https:\/\/rdnews.al\/index.php\/wp-json\/wp\/v2\/comments?post=90575"}],"version-history":[{"count":0,"href":"https:\/\/rdnews.al\/index.php\/wp-json\/wp\/v2\/posts\/90575\/revisions"}],"wp:featuredmedia":[{"embeddable":true,"href":"https:\/\/rdnews.al\/index.php\/wp-json\/wp\/v2\/media\/31036"}],"wp:attachment":[{"href":"https:\/\/rdnews.al\/index.php\/wp-json\/wp\/v2\/media?parent=90575"}],"wp:term":[{"taxonomy":"category","embeddable":true,"href":"https:\/\/rdnews.al\/index.php\/wp-json\/wp\/v2\/categories?post=90575"},{"taxonomy":"post_tag","embeddable":true,"href":"https:\/\/rdnews.al\/index.php\/wp-json\/wp\/v2\/tags?post=90575"}],"curies":[{"name":"wp","href":"https:\/\/api.w.org\/{rel}","templated":true}]}}