{"id":90577,"date":"2024-10-05T16:34:08","date_gmt":"2024-10-05T16:34:08","guid":{"rendered":"https:\/\/rdnews.al\/?p=90577"},"modified":"2024-10-05T16:34:08","modified_gmt":"2024-10-05T16:34:08","slug":"alizoti-shqiptaret-te-bejne-ate-qe-bejne-berlinezet-apo-parisienet-kur-dalin-ne-proteste","status":"publish","type":"post","link":"https:\/\/rdnews.al\/index.php\/2024\/10\/05\/alizoti-shqiptaret-te-bejne-ate-qe-bejne-berlinezet-apo-parisienet-kur-dalin-ne-proteste\/","title":{"rendered":"Alizoti: Shqiptar\u00ebt t\u00eb b\u00ebjn\u00eb at\u00eb q\u00eb b\u00ebjn\u00eb berlinez\u00ebt apo parisien\u00ebt kur dalin n\u00eb protest\u00eb"},"content":{"rendered":"<p>Deputeti i PD, Tomor Alizoti tha se shqiptar\u00ebt duhet t\u00eb b\u00ebjn\u00eb at\u00eb q\u00eb b\u00ebjn\u00eb berlinez\u00ebt apo parisien\u00ebt kur dalin e protestojn\u00eb, sa her\u00eb mendojn\u00eb se iu shkelen t\u00eb drejtat.<\/p>\n<p>I ftuar n\u00eb News24, Alizoti tha se Kuvendi i p\u00ebrket qytetar\u00ebve q\u00eb me votat e tyre \u00e7ojn\u00eb deputet\u00ebt n\u00eb sall\u00ebn e Parlamentit.<\/p>\n<p>\u201cKush ua jep t\u00eb drejt\u00ebn k\u00ebtyre t\u00eb p\u00ebrjashtojn\u00eb deputet\u00ebt deri n\u00eb dy muaj? Ne merremi me estetik\u00ebn, kur k\u00ebtu nuk funksionon asgj\u00eb.<\/p>\n<p>K\u00ebtu kan\u00eb hallin e estetik\u00ebs, e gj\u00ebrave banale, n\u00eb nj\u00eb koh\u00eb kur k\u00ebtu kemi autokraci. Mua m\u00eb shqet\u00ebson se si do t\u00eb shkoj\u00eb kombi shqiptar, jo k\u00ebto gj\u00ebrat estetike me sherre n\u00eb Kuvend, q\u00eb i kemi par\u00eb n\u00eb plot vende\u201d, tha Alizoti.<\/p>\n<p>Duke folur p\u00ebr d\u00ebnimin me 1 vit burg t\u00eb Ervin Salianjit, Alizoti tha se \u201ckemi liderin e opozit\u00ebs q\u00eb q\u00ebndron n\u00eb arrest prej 1 viti, nd\u00ebrkoh\u00eb q\u00eb d\u00ebnohet nj\u00eb tjet\u00ebr demokrat, q\u00eb nuk ka menaxhuar asnj\u00ebher\u00eb pushtet. Pse nuk ndodh kjo n\u00eb asnj\u00eb vend tjet\u00ebr t\u00eb Europ\u00ebs Lindore?\u201d.<\/p>\n<p>\u201cE mbani mend at\u00eb k\u00ebng\u00ebn \u201cJu h\u00ebngsha zemr\u00ebn\u201d me t\u00eb cil\u00ebn b\u00ebri fushat\u00ebn Edi Rama? Pse kjo \u00ebsht\u00eb ajo q\u00eb kan\u00eb nevoj\u00eb shqiptar\u00ebt. N\u00eb nj\u00eb vend ku vras\u00ebsit me pages\u00eb jan\u00eb rrug\u00ebve, n\u00eb nj\u00eb vend ku i pari i Bashkis\u00eb akuzohet p\u00ebr miliona pa fund, n\u00eb nj\u00eb vend ku vidhet me PPP e tendera, ku ish-zv.Kryeministri flet p\u00ebr b\u00ebmat e k\u00ebtij Kryeministri, jepet nj\u00eb d\u00ebnim i papranuesh\u00ebm p\u00ebr nj\u00eb djal\u00eb opozitar q\u00eb s\u2019ka b\u00ebr\u00eb kurr\u00eb nj\u00eb tender.<\/p>\n<p>Opozita duhet t\u00eb radikalizohet n\u00eb q\u00ebndrimet e saj, opozita po sfidohet dhe duhet t\u00eb sfidoj\u00eb Qeverin\u00eb\u201d, tha Alizoti.<\/p>\n<p>Deputeti demokrat tha se e d\u00ebnon precedenti n\u00eb rastin e burgosjes s\u00eb Ervin Salianjit. \u201cPD nuk e ka zgjedhur asnj\u00ebher\u00eb radikalizimin, ka folur, por nuk ka qen\u00eb radikale. Ku e merr kurajon q\u00eb p\u00ebrjashton deputet\u00ebt e opozit\u00ebs, si mund t\u00eb p\u00ebrjashtohen 24 deputet\u00eb, jan\u00eb mij\u00ebra vota q\u00eb k\u00ebta deputet\u00eb p\u00ebrfaq\u00ebsojn\u00eb\u201d, tha Alizoti.<\/p>\n<p>Ai tha se demokracia jeton nga njer\u00ebzit q\u00eb dalin n\u00eb rrug\u00eb, do thyhen edhe xhama. \u201cDemokracia ruhet nga k\u00ebta njer\u00ebz q\u00eb dalin n\u00eb rrug\u00eb p\u00ebr t\u00eb mbrojtur t\u00eb drejtat e tyre\u201d, tha Alizoti. Sipas deputetit, vet\u00ebm n\u00eb diktatura njer\u00ebzit nuk dalin dhe nuk k\u00ebrkojn\u00eb t\u00eb drejtat e tyre.<\/p>\n<p>\u201cParlamenti \u00ebsht\u00eb jo funksional. Opozita ka t\u00eb drejt\u00ebn e saj t\u00eb radikalizimit dhe t\u00eb drejt\u00ebn e shprehjes s\u00eb saj. Shum\u00eb parlamente, p\u00ebrfshi edhe n\u00eb ato t\u00eb vendeve nordike, kemi p\u00ebrplasje\u201d, tha Alizoti.<\/p>\n","protected":false},"excerpt":{"rendered":"<p>Deputeti i PD, Tomor Alizoti tha se shqiptar\u00ebt duhet t\u00eb b\u00ebjn\u00eb at\u00eb q\u00eb b\u00ebjn\u00eb berlinez\u00ebt apo parisien\u00ebt kur dalin e protestojn\u00eb, sa her\u00eb mendojn\u00eb se iu shkelen t\u00eb drejtat. I ftuar n\u00eb News24, Alizoti tha se Kuvendi i p\u00ebrket qytetar\u00ebve q\u00eb me votat e tyre \u00e7ojn\u00eb deputet\u00ebt n\u00eb sall\u00ebn e Parlamentit. \u201cKush ua jep t\u00eb &hellip;<\/p>\n","protected":false},"author":4,"featured_media":84191,"comment_status":"closed","ping_status":"closed","sticky":false,"template":"","format":"standard","meta":{"footnotes":""},"categories":[37],"tags":[],"class_list":["post-90577","post","type-post","status-publish","format-standard","has-post-thumbnail","","category-politike"],"_links":{"self":[{"href":"https:\/\/rdnews.al\/index.php\/wp-json\/wp\/v2\/posts\/90577","targetHints":{"allow":["GET"]}}],"collection":[{"href":"https:\/\/rdnews.al\/index.php\/wp-json\/wp\/v2\/posts"}],"about":[{"href":"https:\/\/rdnews.al\/index.php\/wp-json\/wp\/v2\/types\/post"}],"author":[{"embeddable":true,"href":"https:\/\/rdnews.al\/index.php\/wp-json\/wp\/v2\/users\/4"}],"replies":[{"embeddable":true,"href":"https:\/\/rdnews.al\/index.php\/wp-json\/wp\/v2\/comments?post=90577"}],"version-history":[{"count":0,"href":"https:\/\/rdnews.al\/index.php\/wp-json\/wp\/v2\/posts\/90577\/revisions"}],"wp:featuredmedia":[{"embeddable":true,"href":"https:\/\/rdnews.al\/index.php\/wp-json\/wp\/v2\/media\/84191"}],"wp:attachment":[{"href":"https:\/\/rdnews.al\/index.php\/wp-json\/wp\/v2\/media?parent=90577"}],"wp:term":[{"taxonomy":"category","embeddable":true,"href":"https:\/\/rdnews.al\/index.php\/wp-json\/wp\/v2\/categories?post=90577"},{"taxonomy":"post_tag","embeddable":true,"href":"https:\/\/rdnews.al\/index.php\/wp-json\/wp\/v2\/tags?post=90577"}],"curies":[{"name":"wp","href":"https:\/\/api.w.org\/{rel}","templated":true}]}}