{"id":90579,"date":"2024-10-05T16:37:14","date_gmt":"2024-10-05T16:37:14","guid":{"rendered":"https:\/\/rdnews.al\/?p=90579"},"modified":"2024-10-05T16:37:14","modified_gmt":"2024-10-05T16:37:14","slug":"ironia-e-bocit-intelektualet-presin-spak-tek-dera-bashkise-qe-ti-sekuestroje-telefonin","status":"publish","type":"post","link":"https:\/\/rdnews.al\/index.php\/2024\/10\/05\/ironia-e-bocit-intelektualet-presin-spak-tek-dera-bashkise-qe-ti-sekuestroje-telefonin\/","title":{"rendered":"Ironia e Bo\u00e7it: &#8220;Intelektual\u00ebt&#8221; presin SPAK tek dera Bashkis\u00eb q\u00eb t\u2019i sekuestroj\u00eb telefonin"},"content":{"rendered":"<p>N\u00ebnkryetari i PD-s\u00eb Lu\u00e7iano Bo\u00e7i, ka reaguar n\u00eb lidhje me sekuestrimin e telefonit t\u00eb nj\u00eb drejtoreshe n\u00eb Bashkin\u00eb e Elbasanit nga ana e SPAK.<\/p>\n<p>Bo\u00e7i ironizon SPAK, teksa shkruan se q\u00eb k\u00ebta q\u00eb b\u00ebjn\u00eb \u201ckrime intelektuale\u201d po presin 6 muaj tek dera e Bashkis\u00eb si budallenj SPAK-un q\u00eb t\u2019i marr\u00eb telefonin e t\u2019ia zbuloj\u00eb t\u00eb gjitha<\/p>\n<p>Postimi i Bo\u00e7it<\/p>\n<p>I bukur ky lajmi nga SPAK!<\/p>\n<p>Sekuestrohet telefoni i nj\u00eb tjetre drejtoreshe Erinda Fino, n\u00eb kuad\u00ebr t\u00eb hetimeve p\u00ebr korrupsion n\u00eb tendera.<\/p>\n<p>Nd\u00ebrkoh\u00eb q\u00eb bomba e korrupsionit ka 6 muaj q\u00eb ka plasur dhe e di i madh dhe i vog\u00ebl.<\/p>\n<p>Sipas SPAK i bie q\u00eb k\u00ebta q\u00eb b\u00ebjn\u00eb \u201ckrime intelektuale\u201d po presin 6 muaj tek dera e Bashkis\u00eb si budallenj SPAK-un q\u00eb t\u2019i marr\u00eb telefonin e t\u2019ia zbuloj\u00eb t\u00eb gjitha.<\/p>\n<p>Normal q\u00eb pas gjasht\u00eb muajve e kan\u00eb nd\u00ebrruar s\u00eb paku 6 her\u00eb telefonin.<\/p>\n<p>Ky rast tejkalon dhe at\u00eb q\u00eb ndodhi n\u00eb Bashkin\u00eb e Elbasanit para pak muajsh, ku SPAK sekuestroi disa telefona t\u00eb disa drejtuesve t\u00eb dyshuar p\u00ebr korrupsion.<\/p>\n<p>Por nd\u00ebrkoh\u00eb ata ishn lajm\u00ebruar p\u00ebr k\u00ebt\u00eb gj\u00eb dhe dor\u00ebzuan telefona t\u00eb virgj\u00ebr.<\/p>\n<p>Megjithat\u00eb k\u00ebsaj s\u00eb sotmes, pas gjasht\u00eb muajsh, v\u00ebrtet i them tamam \u201cbefasi\u201d!!!!<\/p>\n","protected":false},"excerpt":{"rendered":"<p>N\u00ebnkryetari i PD-s\u00eb Lu\u00e7iano Bo\u00e7i, ka reaguar n\u00eb lidhje me sekuestrimin e telefonit t\u00eb nj\u00eb drejtoreshe n\u00eb Bashkin\u00eb e Elbasanit nga ana e SPAK. Bo\u00e7i ironizon SPAK, teksa shkruan se q\u00eb k\u00ebta q\u00eb b\u00ebjn\u00eb \u201ckrime intelektuale\u201d po presin 6 muaj tek dera e Bashkis\u00eb si budallenj SPAK-un q\u00eb t\u2019i marr\u00eb telefonin e t\u2019ia zbuloj\u00eb t\u00eb &hellip;<\/p>\n","protected":false},"author":4,"featured_media":83120,"comment_status":"closed","ping_status":"closed","sticky":false,"template":"","format":"standard","meta":{"footnotes":""},"categories":[37],"tags":[],"class_list":["post-90579","post","type-post","status-publish","format-standard","has-post-thumbnail","","category-politike"],"_links":{"self":[{"href":"https:\/\/rdnews.al\/index.php\/wp-json\/wp\/v2\/posts\/90579","targetHints":{"allow":["GET"]}}],"collection":[{"href":"https:\/\/rdnews.al\/index.php\/wp-json\/wp\/v2\/posts"}],"about":[{"href":"https:\/\/rdnews.al\/index.php\/wp-json\/wp\/v2\/types\/post"}],"author":[{"embeddable":true,"href":"https:\/\/rdnews.al\/index.php\/wp-json\/wp\/v2\/users\/4"}],"replies":[{"embeddable":true,"href":"https:\/\/rdnews.al\/index.php\/wp-json\/wp\/v2\/comments?post=90579"}],"version-history":[{"count":0,"href":"https:\/\/rdnews.al\/index.php\/wp-json\/wp\/v2\/posts\/90579\/revisions"}],"wp:featuredmedia":[{"embeddable":true,"href":"https:\/\/rdnews.al\/index.php\/wp-json\/wp\/v2\/media\/83120"}],"wp:attachment":[{"href":"https:\/\/rdnews.al\/index.php\/wp-json\/wp\/v2\/media?parent=90579"}],"wp:term":[{"taxonomy":"category","embeddable":true,"href":"https:\/\/rdnews.al\/index.php\/wp-json\/wp\/v2\/categories?post=90579"},{"taxonomy":"post_tag","embeddable":true,"href":"https:\/\/rdnews.al\/index.php\/wp-json\/wp\/v2\/tags?post=90579"}],"curies":[{"name":"wp","href":"https:\/\/api.w.org\/{rel}","templated":true}]}}