{"id":90595,"date":"2024-10-05T17:55:46","date_gmt":"2024-10-05T17:55:46","guid":{"rendered":"https:\/\/rdnews.al\/?p=90595"},"modified":"2024-10-05T17:55:46","modified_gmt":"2024-10-05T17:55:46","slug":"berisha-vellazeria-xhafaj-dhe-vellazeria-rama-jane-zotuar-se-edhe-gaz-bardhi-do-kete-fatin-e-salianjit","status":"publish","type":"post","link":"https:\/\/rdnews.al\/index.php\/2024\/10\/05\/berisha-vellazeria-xhafaj-dhe-vellazeria-rama-jane-zotuar-se-edhe-gaz-bardhi-do-kete-fatin-e-salianjit\/","title":{"rendered":"Berisha: V\u00ebllaz\u00ebria Xhafaj dhe v\u00ebllaz\u00ebria Rama jan\u00eb zotuar se edhe Gaz Bardhi do ket\u00eb fatin e Salianjit!"},"content":{"rendered":"<p>Kryetari i Partis\u00eb Demokratike, Sali Berisha, theksoi se arrestimi i kryetarit t\u00eb grupit parlamentar Ervin Salianji erdhi sepse ka mbrojtur interesin publik, duke sulmuar dy v\u00ebllaz\u00ebrit\u00eb m\u00eb t\u00eb rrezikshme t\u00eb drog\u00ebs, v\u00ebllaz\u00ebrin\u00eb Xhafaj dhe v\u00ebllaz\u00ebrin\u00eb Rama.<\/p>\n<p>Berisha tha se, dua t\u2019u informoj sonte se v\u00ebllaz\u00ebria Rama dhe v\u00ebllaz\u00ebria Xhafaj e festuan me shampanj\u00eb burgosjen e Ervin Salianjit, por ne jemi sonte k\u00ebtu, do jemi n\u00eb ora 18:00 me dat\u00ebn 7 tetor me betim solemn, se dhe \u00e7do v\u00ebllaz\u00ebri tjet\u00ebr, me forc\u00ebn e ligjit, me g\u00ebrsh\u00ebr\u00ebt e ligjit do t\u2019i \u00e7ojm\u00eb atje ku e meritojn\u00eb.<\/p>\n<p>\u201cQytetar\u00eb dhe qytetare, Ervin Salianji \u00ebsht\u00eb sot n\u00eb burg sepse guxoi t\u00eb mbroj\u00eb interesin tuaj, sepse sulmoi n\u00eb zem\u00ebr dy v\u00ebllaz\u00ebrit\u00eb m\u00eb t\u00eb rrezikshme t\u00eb drog\u00ebs, v\u00ebllaz\u00ebrin\u00eb Xhafaj dhe v\u00ebllaz\u00ebrin\u00eb Rama.<\/p>\n<p>Qytetar\u00eb dhe qytetare, dua t\u2019u informoj sonte se v\u00ebllaz\u00ebria Rama dhe v\u00ebllaz\u00ebria Xhafaj e festuan me shampanj\u00eb burgosjen e Ervin Salianjit.<\/p>\n<p>Por jo vet\u00ebm kaq, ua them ju k\u00ebtu, e festuan me betim nj\u00eblloj si padrinot n\u00eb shpellat e mafies se p\u00ebr tre muaj, t\u00eb nj\u00ebjtin fat do ket\u00eb edhe Gazment Bardhi.<\/p>\n<p>Sepse Gaz Bardhi, si\u00e7 jeni ju n\u00eb dijeni, e riktheu n\u00eb sken\u00eb Olsin e Xibrak\u00ebs, k\u00ebt\u00eb kriminel trafikant, t\u00eb pangopur, t\u00eb cilin Edi Rama e p\u00ebrdor p\u00ebr pun\u00ebt e tij m\u00eb t\u00eb pista.<\/p>\n<p>Edhe ne jemi sonte k\u00ebtu, do jemi n\u00eb ora 18:00 me dat\u00ebn 7 tetor me betim solemn, se v\u00ebllaz\u00ebrin\u00eb Xhafaj dhe v\u00ebllaz\u00ebrin\u00eb Rama dhe \u00e7do v\u00ebllaz\u00ebri tjet\u00ebr, me forc\u00ebn e ligjit, me g\u00ebrsh\u00ebr\u00ebt e ligjit do t\u2019i \u00e7ojm\u00eb atje ku e meritojn\u00eb.<\/p>\n<p>Ka vet\u00ebm nj\u00eb rrug\u00eb p\u00ebr ne, betej\u00eb, betej\u00eb dhe vet\u00ebm betej\u00eb.<\/p>\n<p>Cilido q\u00eb mendon se krimi nuk duhet t\u00eb vendos\u00eb p\u00ebr fatin e tij, se krimi nuk duhet t\u00eb vendos\u00eb p\u00ebr vullnetin e tij, se krimi dhe droga nuk duhet t\u00eb vendosin p\u00ebr t\u00eb ardhmen e tij, duhet t\u00eb bashkohet me ne dit\u00ebn e h\u00ebn\u00eb sepse n\u00eb Shqip\u00ebri, krimi, droga, mafia jan\u00eb vendimmarr\u00ebsit absolut\u00eb kryesor\u00eb\u201d, tha Berisha.<\/p>\n","protected":false},"excerpt":{"rendered":"<p>Kryetari i Partis\u00eb Demokratike, Sali Berisha, theksoi se arrestimi i kryetarit t\u00eb grupit parlamentar Ervin Salianji erdhi sepse ka mbrojtur interesin publik, duke sulmuar dy v\u00ebllaz\u00ebrit\u00eb m\u00eb t\u00eb rrezikshme t\u00eb drog\u00ebs, v\u00ebllaz\u00ebrin\u00eb Xhafaj dhe v\u00ebllaz\u00ebrin\u00eb Rama. Berisha tha se, dua t\u2019u informoj sonte se v\u00ebllaz\u00ebria Rama dhe v\u00ebllaz\u00ebria Xhafaj e festuan me shampanj\u00eb burgosjen e &hellip;<\/p>\n","protected":false},"author":4,"featured_media":82794,"comment_status":"closed","ping_status":"closed","sticky":false,"template":"","format":"standard","meta":{"footnotes":""},"categories":[37],"tags":[],"class_list":["post-90595","post","type-post","status-publish","format-standard","has-post-thumbnail","","category-politike"],"_links":{"self":[{"href":"https:\/\/rdnews.al\/index.php\/wp-json\/wp\/v2\/posts\/90595","targetHints":{"allow":["GET"]}}],"collection":[{"href":"https:\/\/rdnews.al\/index.php\/wp-json\/wp\/v2\/posts"}],"about":[{"href":"https:\/\/rdnews.al\/index.php\/wp-json\/wp\/v2\/types\/post"}],"author":[{"embeddable":true,"href":"https:\/\/rdnews.al\/index.php\/wp-json\/wp\/v2\/users\/4"}],"replies":[{"embeddable":true,"href":"https:\/\/rdnews.al\/index.php\/wp-json\/wp\/v2\/comments?post=90595"}],"version-history":[{"count":0,"href":"https:\/\/rdnews.al\/index.php\/wp-json\/wp\/v2\/posts\/90595\/revisions"}],"wp:featuredmedia":[{"embeddable":true,"href":"https:\/\/rdnews.al\/index.php\/wp-json\/wp\/v2\/media\/82794"}],"wp:attachment":[{"href":"https:\/\/rdnews.al\/index.php\/wp-json\/wp\/v2\/media?parent=90595"}],"wp:term":[{"taxonomy":"category","embeddable":true,"href":"https:\/\/rdnews.al\/index.php\/wp-json\/wp\/v2\/categories?post=90595"},{"taxonomy":"post_tag","embeddable":true,"href":"https:\/\/rdnews.al\/index.php\/wp-json\/wp\/v2\/tags?post=90595"}],"curies":[{"name":"wp","href":"https:\/\/api.w.org\/{rel}","templated":true}]}}