{"id":90608,"date":"2024-10-06T16:29:54","date_gmt":"2024-10-06T16:29:54","guid":{"rendered":"https:\/\/rdnews.al\/?p=90608"},"modified":"2024-10-06T16:29:54","modified_gmt":"2024-10-06T16:29:54","slug":"te-gjithe-kemi-nje-motiv-per-te-qene-neser-ne-shesh","status":"publish","type":"post","link":"https:\/\/rdnews.al\/index.php\/2024\/10\/06\/te-gjithe-kemi-nje-motiv-per-te-qene-neser-ne-shesh\/","title":{"rendered":"T\u00eb gjith\u00eb kemi nj\u00eb motiv p\u00ebr t\u00eb qen\u00eb nes\u00ebr n\u00eb shesh!"},"content":{"rendered":"<p><strong>Nga Alba KEPI<\/strong><\/p>\n<p>T\u00eb gjith\u00eb e kemi nj\u00eb motiv e \u00easht\u00eb patiotik; p\u00ebr c\u00e7o t\u00eb drejt\u00eb t\u00eb dhunuar, p\u00ebr familjen, p\u00ebr sh\u00ebndetin, p\u00ebr profesionin, p\u00ebr Shqip\u00ebrin\u00eb.<\/p>\n<p>Shiheni nes\u00ear p\u00ebr lirit\u00eb civile t\u00ea nj\u00eb vendi demokratik.<\/p>\n<p>T\u00eb gjith\u00eb kemi nes\u00ebr nj\u00eb motiv p\u00ear t\u00eb qen\u00eb n\u00eb shesh.<\/p>\n<p>P\u00ebr prind\u00ebrit me pension tall\u00ebs nga ky pushtet.<\/p>\n<p>P\u00ear t\u00eb rinjt\u00eb q\u00eb k\u00ebrkojn\u00eb emigrimin p\u00ebr t\u00eb shp\u00ebtuar nga ky makth klientelizmi, nepotizmi e varf\u00earie.<\/p>\n<p>P\u00ebr arsimin afer\u00eb &#8220;certifikuar&#8221; me diploma false e q\u00eb mbushi Europ\u00ebn.<\/p>\n<p>P\u00ear sh\u00ebndet\u00easin\u00eb pa ilace e sistem n\u00eb kolaps.<\/p>\n<p>P\u00ebr amvisat q\u00eb nuk arrijn\u00eb t\u00eb mbyllin muajin e t\u00eb mbushin sofr\u00ebn.<\/p>\n<p>P\u00ebr pron\u00ebn e vjedhur, pasurin\u00eb komb\u00ebtare t\u00eb pjesatuar p\u00ebr pushtetar\u00eb e familjar\u00eb t\u00eb tyre.<\/p>\n<p>P\u00ebr Tiran\u00ebn e dhunuar nga nj\u00eb bashki hajdute, kryebashkiak e drejtor\u00eb bashkiak\u00eb organizuar si nj\u00eb mafie.<\/p>\n<p>P\u00ebr parat\u00eb publike, tendera e financime t\u00ea vjedhura e dhurat\u00ea p\u00ebr grupe t\u00eb krimit t\u00eb organizuar.<\/p>\n<p>P\u00ear emigrantin e familjen e tij q\u00eb p\u00ebrdoret nga propaganda politike e k\u00ebtij pushteti.<\/p>\n<p>P\u00ebr pluralizmin e mohuar nga autokracia e padrejt\u00easia.<\/p>\n<p>P\u00ear drejt\u00ebsin\u00eb ligjore e jo m\u00eb n\u00eb duart e nj\u00eb kontroll li pushteti.<\/p>\n<p>P\u00ebr liri e t\u00eb drejta q\u00eb po dhunohet cdo dit\u00eb nga censura, dhuna e shantazhimi.<\/p>\n<p>P\u00ebr pronar\u00ebt e hersh\u00ebm ende n\u00eb rradh\u00eb dosjesh p\u00ear shqyrtim n\u00eb kadast\u00ear.<\/p>\n<p>P\u00ebr t\u00ea pushkatuarin, t\u00eb burgosurin, t\u00eb internuarin me histori t\u00eb pashkruar e kund\u00ear nj\u00eb historie e Akademie Shkencash q\u00eb manipulon fakte, dosje, t\u00ea v\u00ebrteta p\u00ear interesa t\u00eb k\u00easaj neodiktature.<\/p>\n<p>P\u00ebr lirin\u00eb e liderit t\u00eb opozit\u00ebs i v\u00ebn\u00eb q\u00ebllimisht n\u00ebn arrest p\u00ebr t\u00eb forcuar neodiktatur\u00ebn e dob\u00ebsuar opozitarizmin.<\/p>\n<p>E p\u00ebr shum\u00eb motive t\u00eb ngjashme q\u00eb kemi me nj\u00ebri tjetrin&#8230;<\/p>\n<p>Duhet t\u00eb jemi n\u00eb shesh p\u00ebr Shqip\u00ebrin\u00eb e t\u00eb shkruajm\u00eb historin\u00eb me fjal\u00ebt ; Nuk pranojm\u00eb m\u00eb nj\u00eb diktatur\u00eb t\u00eb re!<\/p>\n<p>Shihemi nes\u00ebr me amanetin e t\u00eb djatht\u00ebs; Kurr\u00eb m\u00eb komuniz\u00ebm!<\/p>\n","protected":false},"excerpt":{"rendered":"<p>Nga Alba KEPI T\u00eb gjith\u00eb e kemi nj\u00eb motiv e \u00easht\u00eb patiotik; p\u00ebr c\u00e7o t\u00eb drejt\u00eb t\u00eb dhunuar, p\u00ebr familjen, p\u00ebr sh\u00ebndetin, p\u00ebr profesionin, p\u00ebr Shqip\u00ebrin\u00eb. Shiheni nes\u00ear p\u00ebr lirit\u00eb civile t\u00ea nj\u00eb vendi demokratik. T\u00eb gjith\u00eb kemi nes\u00ebr nj\u00eb motiv p\u00ear t\u00eb qen\u00eb n\u00eb shesh. P\u00ebr prind\u00ebrit me pension tall\u00ebs nga ky pushtet. P\u00ear &hellip;<\/p>\n","protected":false},"author":4,"featured_media":44673,"comment_status":"closed","ping_status":"closed","sticky":false,"template":"","format":"standard","meta":{"footnotes":""},"categories":[44],"tags":[],"class_list":["post-90608","post","type-post","status-publish","format-standard","has-post-thumbnail","","category-editorial"],"_links":{"self":[{"href":"https:\/\/rdnews.al\/index.php\/wp-json\/wp\/v2\/posts\/90608","targetHints":{"allow":["GET"]}}],"collection":[{"href":"https:\/\/rdnews.al\/index.php\/wp-json\/wp\/v2\/posts"}],"about":[{"href":"https:\/\/rdnews.al\/index.php\/wp-json\/wp\/v2\/types\/post"}],"author":[{"embeddable":true,"href":"https:\/\/rdnews.al\/index.php\/wp-json\/wp\/v2\/users\/4"}],"replies":[{"embeddable":true,"href":"https:\/\/rdnews.al\/index.php\/wp-json\/wp\/v2\/comments?post=90608"}],"version-history":[{"count":0,"href":"https:\/\/rdnews.al\/index.php\/wp-json\/wp\/v2\/posts\/90608\/revisions"}],"wp:featuredmedia":[{"embeddable":true,"href":"https:\/\/rdnews.al\/index.php\/wp-json\/wp\/v2\/media\/44673"}],"wp:attachment":[{"href":"https:\/\/rdnews.al\/index.php\/wp-json\/wp\/v2\/media?parent=90608"}],"wp:term":[{"taxonomy":"category","embeddable":true,"href":"https:\/\/rdnews.al\/index.php\/wp-json\/wp\/v2\/categories?post=90608"},{"taxonomy":"post_tag","embeddable":true,"href":"https:\/\/rdnews.al\/index.php\/wp-json\/wp\/v2\/tags?post=90608"}],"curies":[{"name":"wp","href":"https:\/\/api.w.org\/{rel}","templated":true}]}}