{"id":90625,"date":"2024-10-06T18:15:40","date_gmt":"2024-10-06T18:15:40","guid":{"rendered":"https:\/\/rdnews.al\/?p=90625"},"modified":"2024-10-06T18:15:40","modified_gmt":"2024-10-06T18:15:40","slug":"berisha-kjo-dite-historike-ka-nje-objektiv-dhe-vetem-nje-objektiv-fitoren-e-opozites","status":"publish","type":"post","link":"https:\/\/rdnews.al\/index.php\/2024\/10\/06\/berisha-kjo-dite-historike-ka-nje-objektiv-dhe-vetem-nje-objektiv-fitoren-e-opozites\/","title":{"rendered":"Berisha: Kjo dit\u00eb historike ka nj\u00eb objektiv dhe vet\u00ebm nj\u00eb objektiv: Fitoren e opozit\u00ebs!"},"content":{"rendered":"<p>Lideri i opozit\u00ebs, Sali Berisha e ci\u00eblson nj\u00eb dit\u00eb historike 7 tetorit, protest\u00ebn q\u00eb do t\u00eb mbahet pasditen e s\u00eb h\u00ebn\u00ebs n\u00eb Tiran\u00eb.<\/p>\n<p>Udh\u00ebheq\u00ebsi i demokrat\u00ebve tha se 7 tetori do t\u00eb jet\u00eb beteja kund\u00ebr propagand\u00ebs s\u00eb mashtrimit t\u00eb rilindasve q\u00eb mburren me vjedhjen e vot\u00ebs.<\/p>\n<p>N\u00eb nj\u00eb dit\u00eb t\u00eb till\u00eb, t\u00eb cilin Berisha preferon ta konsideroj\u00eb si moment histori, q\u00ebllimi dhe objektivi i qart\u00eb dhe i vet\u00ebm i popullit opozitar sipas tij, duhet t\u00eb jet\u00eb fitorja e opozit\u00ebs.<\/p>\n<p>\u201cMiqt\u00eb e mi, beteja q\u00eb nisim \u00ebsht\u00eb betej\u00eb kund\u00ebr propagand\u00ebs s\u00eb mashtrimit t\u00eb rilindasve q\u00eb mburren me vjedhjen e vot\u00ebs, t\u00eb k\u00ebsaj fare t\u00eb urryer q\u00eb me votat q\u00eb vjedh garanton pasurit\u00eb e krimit, rr\u00ebnon ligje e Kushtetut\u00eb. Posht\u00ebron shqiptar\u00eb me t\u00eb par\u00eb e t\u00eb mbrap\u00eb.<\/p>\n<p>Kjo nuk kalon m\u00eb!<\/p>\n<p>Shqiptare dhe shqiptar\u00eb, ata t\u00eb cil\u00ebt ju thon\u00eb ju se Edi Rama fiton zgjedhjet, se Edi Rama i vjedh pak po i fiton, ata jan\u00eb monstrat e vot\u00ebs s\u00eb lir\u00eb.<\/p>\n<p>Ata jan\u00eb papagajt\u00eb e shpifur t\u00eb diktatur\u00ebs.<\/p>\n<p>Ata q\u00eb b\u00ebjn\u00eb teorit\u00eb n\u00eb var\u00ebsi nga xhepi i tyre p\u00ebr parat\u00eb q\u00eb marrin, se Edi Rama, i tilli, dhe i atilli i fiton.<\/p>\n<p>Ata jan\u00eb mjerimi njer\u00ebzor, jan\u00eb mjerimi i mjerimit, jan\u00eb sh\u00ebrbetor\u00eb skllev\u00ebr t\u00eb nj\u00eb diktature krimi q\u00eb u hedh nga nj\u00eb kock\u00eb dhe llomotitin, b\u00ebjn\u00eb papagallin nga m\u00ebngjesi gjer n\u00eb dark\u00eb.<\/p>\n<p>Ndaj dhe Partia Demokratike ju deklaron ju sot se ky moment historik, kjo dit\u00eb historike a nj\u00eb objektiv dhe vet\u00ebm nj\u00eb objektiv: fitoren, fitoren, fitoren e opozit\u00ebs!<\/p>\n<p>Partia Demokratike nuk mund t\u00eb qendroj\u00eb m\u00eb kurr\u00eb si parti e d\u00ebnuar p\u00ebr t\u00eb qen\u00eb n\u00eb opozit\u00eb.<\/p>\n<p>Partia Demokratike nuk mund t\u00eb qendroj\u00eb kurr\u00eb si parti q\u00eb ul qaf\u00ebn dhe firmos mandat\u00ebt, kallp\u00ebt e Edi Ram\u00ebs.<\/p>\n<p>Partia Demokratike, demokratet e demokrat\u00ebt, qytetaret dhe qytetar\u00ebt nes\u00ebr nisin revolt\u00ebne\u00a0tyre, zem\u00ebrimin e tyre shpalosin kund\u00ebr zuzar\u00ebve q\u00eb i kan\u00eb kujtuar demokrat\u00ebt se jan\u00eb qytetar\u00eb t\u00eb dor\u00ebs s\u00eb tret\u00eb, se janq\u00ebnie p\u00ebr t\u2019u shtypur, se nuk kan\u00eb nerv dhe nuk reagojn\u00eb, se \u00ebsht\u00eb mir\u00eb t\u00eb thyejn\u00eb qaf\u00ebn e t\u00eb largohen nga Shqip\u00ebria.<\/p>\n<p>Iku ajo koh\u00eb, m\u00eb. Ato dit\u00eb kan\u00eb per\u00ebnduar Edi Rama!<\/p>\n<p>Prite, prite opozit\u00ebn. \u00cbsht\u00eb radha, \u00ebsht\u00eb radha jon\u00eb, \u00ebsht\u00eb radha jon\u00eb.<\/p>\n<p>Vrim\u00eb miu nuk do t\u00eb gjesh ti, as bashk\u00ebkriminel\u00ebt e tu.<\/p>\n<p>Rrofshi ju, rroft\u00eb populli opozitar, shqiptaret dhe shqiptar\u00ebt kudo q\u00eb jan\u00eb. Ne sulm, n\u00eb sulm, n\u00eb sulm! Kjo do t\u00eb jet\u00eb motoja jon\u00eb\u201d, u shpreh Berisha.<\/p>\n","protected":false},"excerpt":{"rendered":"<p>Lideri i opozit\u00ebs, Sali Berisha e ci\u00eblson nj\u00eb dit\u00eb historike 7 tetorit, protest\u00ebn q\u00eb do t\u00eb mbahet pasditen e s\u00eb h\u00ebn\u00ebs n\u00eb Tiran\u00eb. Udh\u00ebheq\u00ebsi i demokrat\u00ebve tha se 7 tetori do t\u00eb jet\u00eb beteja kund\u00ebr propagand\u00ebs s\u00eb mashtrimit t\u00eb rilindasve q\u00eb mburren me vjedhjen e vot\u00ebs. N\u00eb nj\u00eb dit\u00eb t\u00eb till\u00eb, t\u00eb cilin Berisha preferon &hellip;<\/p>\n","protected":false},"author":4,"featured_media":71913,"comment_status":"closed","ping_status":"closed","sticky":false,"template":"","format":"standard","meta":{"footnotes":""},"categories":[37],"tags":[],"class_list":["post-90625","post","type-post","status-publish","format-standard","has-post-thumbnail","","category-politike"],"_links":{"self":[{"href":"https:\/\/rdnews.al\/index.php\/wp-json\/wp\/v2\/posts\/90625","targetHints":{"allow":["GET"]}}],"collection":[{"href":"https:\/\/rdnews.al\/index.php\/wp-json\/wp\/v2\/posts"}],"about":[{"href":"https:\/\/rdnews.al\/index.php\/wp-json\/wp\/v2\/types\/post"}],"author":[{"embeddable":true,"href":"https:\/\/rdnews.al\/index.php\/wp-json\/wp\/v2\/users\/4"}],"replies":[{"embeddable":true,"href":"https:\/\/rdnews.al\/index.php\/wp-json\/wp\/v2\/comments?post=90625"}],"version-history":[{"count":0,"href":"https:\/\/rdnews.al\/index.php\/wp-json\/wp\/v2\/posts\/90625\/revisions"}],"wp:featuredmedia":[{"embeddable":true,"href":"https:\/\/rdnews.al\/index.php\/wp-json\/wp\/v2\/media\/71913"}],"wp:attachment":[{"href":"https:\/\/rdnews.al\/index.php\/wp-json\/wp\/v2\/media?parent=90625"}],"wp:term":[{"taxonomy":"category","embeddable":true,"href":"https:\/\/rdnews.al\/index.php\/wp-json\/wp\/v2\/categories?post=90625"},{"taxonomy":"post_tag","embeddable":true,"href":"https:\/\/rdnews.al\/index.php\/wp-json\/wp\/v2\/tags?post=90625"}],"curies":[{"name":"wp","href":"https:\/\/api.w.org\/{rel}","templated":true}]}}