{"id":90659,"date":"2024-10-07T08:39:42","date_gmt":"2024-10-07T08:39:42","guid":{"rendered":"https:\/\/rdnews.al\/?p=90659"},"modified":"2024-10-07T08:40:00","modified_gmt":"2024-10-07T08:40:00","slug":"boci-zbulon-skenaret-e-protestes-si-do-te-zhvillohet-revolta-ja-synimi-qe-kemi","status":"publish","type":"post","link":"https:\/\/rdnews.al\/index.php\/2024\/10\/07\/boci-zbulon-skenaret-e-protestes-si-do-te-zhvillohet-revolta-ja-synimi-qe-kemi\/","title":{"rendered":"Bo\u00e7i zbulon skenar\u00ebt e protest\u00ebs: Si do t\u00eb zhvillohet revolta, ja synimi q\u00eb kemi!"},"content":{"rendered":"<p>N\u00ebnkryetari i PD, Lu\u00e7iano Bo\u00e7i, n\u00eb nj\u00eb lidhje direkte p\u00ebr emisionin \u201c7pa5\u201d tregoi skenar\u00ebt e protest\u00ebs s\u00eb opozit\u00ebs dit\u00ebn e sotme. Ai theksoi se protesta \u00ebsht\u00eb nj\u00eb revolt\u00eb e \u00e7do qytetari, duke theksuar se do jet\u00eb e ngjashme me protesta t\u00eb tjera.<\/p>\n<p>\u201cDo jet\u00eb n\u00eb kompleksitetin e saj q\u00eb p\u00ebrfshin edhe reagime si n\u00eb rastin e vrasjes s\u00eb Klodian Rash\u00ebs edhe reagime si n\u00eb rastin kur student\u00ebt u hodh\u00ebn n\u00eb protest\u00eb p\u00ebr t\u00eb drejtat e tyre, q\u00eb edhe sot nuk jan\u00eb realizuar si t\u00eb drejta dhe kan\u00eb po arsye p\u00ebr t\u00eb dal\u00eb n\u00eb protest\u00eb\u201d, tha ai.<\/p>\n<p>Nga ana tjet\u00ebr, ai theksoi se varf\u00ebria \u00ebsht\u00eb nj\u00eb nd\u00ebr shkaqet kryesore q\u00eb qytetar\u00ebt t\u00eb protestojn\u00eb, n\u00eb nj\u00eb kof\u00eb ku shtresa e mesme nuk ekziston.<\/p>\n<p>\u201cShtresa tjet\u00ebr q\u00eb \u00ebsht\u00eb administrata e shkall\u00ebs s\u00eb tret\u00eb dhe njer\u00ebzit q\u00eb merren me pun\u00ebt e tyre t\u00eb p\u00ebrditshme jan\u00eb shtresa e varf\u00ebr dhe disatanca mes shtresave \u00ebsht\u00eb rritur n\u00eb m\u00ebnyr\u00eb t\u00eb jasht\u00ebzakonshme. Dihet q\u00eb n\u00eb Shqip\u00ebri nuk ka shtres\u00eb t\u00eb mes\u00eb, \u00ebsht\u00eb zvog\u00ebluar\u201d, tha ai.<\/p>\n<p>Po ashtu, Bo\u00e7i theksoi se protesta sh\u00ebrben edhe p\u00ebr t\u00eb mos lejuar instalimin e asaj q\u00eb i referohet si \u2018regjim komunist\u2019.<\/p>\n<p>\u201cNuk jemi n\u00eb t\u00eb nj\u00ebjtat kushte, jemi akoma n\u00eb kushte m\u00eb t\u00eb agravuara dhe p\u00ebrpos k\u00ebsaj kemi goditje me akuza false p\u00ebr kreun e opozit\u00ebs dhe kemi nj\u00eb deputet n\u00eb burg pse artikuloi t\u00eb v\u00ebrtet\u00ebn\u201d, tha ai.<\/p>\n<p>\u201cDuket si e pamundur por regjimet vijn\u00eb me lule, nuk vijn\u00eb m\u00eb me tanke\u201d, shtoi ai.<\/p>\n<p>Sa i p\u00ebrket ecuris\u00eb s\u00eb protest\u00ebs, Bo\u00e7i theksoi se nuk synohet q\u00eb kjo revolt\u00eb t\u00eb jet\u00eb e dhunshme.<\/p>\n","protected":false},"excerpt":{"rendered":"<p>N\u00ebnkryetari i PD, Lu\u00e7iano Bo\u00e7i, n\u00eb nj\u00eb lidhje direkte p\u00ebr emisionin \u201c7pa5\u201d tregoi skenar\u00ebt e protest\u00ebs s\u00eb opozit\u00ebs dit\u00ebn e sotme. Ai theksoi se protesta \u00ebsht\u00eb nj\u00eb revolt\u00eb e \u00e7do qytetari, duke theksuar se do jet\u00eb e ngjashme me protesta t\u00eb tjera. \u201cDo jet\u00eb n\u00eb kompleksitetin e saj q\u00eb p\u00ebrfshin edhe reagime si n\u00eb rastin &hellip;<\/p>\n","protected":false},"author":4,"featured_media":0,"comment_status":"closed","ping_status":"closed","sticky":false,"template":"","format":"standard","meta":{"footnotes":""},"categories":[37],"tags":[],"class_list":["post-90659","post","type-post","status-publish","format-standard","","category-politike"],"_links":{"self":[{"href":"https:\/\/rdnews.al\/index.php\/wp-json\/wp\/v2\/posts\/90659","targetHints":{"allow":["GET"]}}],"collection":[{"href":"https:\/\/rdnews.al\/index.php\/wp-json\/wp\/v2\/posts"}],"about":[{"href":"https:\/\/rdnews.al\/index.php\/wp-json\/wp\/v2\/types\/post"}],"author":[{"embeddable":true,"href":"https:\/\/rdnews.al\/index.php\/wp-json\/wp\/v2\/users\/4"}],"replies":[{"embeddable":true,"href":"https:\/\/rdnews.al\/index.php\/wp-json\/wp\/v2\/comments?post=90659"}],"version-history":[{"count":0,"href":"https:\/\/rdnews.al\/index.php\/wp-json\/wp\/v2\/posts\/90659\/revisions"}],"wp:attachment":[{"href":"https:\/\/rdnews.al\/index.php\/wp-json\/wp\/v2\/media?parent=90659"}],"wp:term":[{"taxonomy":"category","embeddable":true,"href":"https:\/\/rdnews.al\/index.php\/wp-json\/wp\/v2\/categories?post=90659"},{"taxonomy":"post_tag","embeddable":true,"href":"https:\/\/rdnews.al\/index.php\/wp-json\/wp\/v2\/tags?post=90659"}],"curies":[{"name":"wp","href":"https:\/\/api.w.org\/{rel}","templated":true}]}}