{"id":90664,"date":"2024-10-07T09:07:16","date_gmt":"2024-10-07T09:07:16","guid":{"rendered":"https:\/\/rdnews.al\/?p=90664"},"modified":"2024-10-07T09:07:16","modified_gmt":"2024-10-07T09:07:16","slug":"sot-eshte-nje-dite-e-madhe-mos-mungoni","status":"publish","type":"post","link":"https:\/\/rdnews.al\/index.php\/2024\/10\/07\/sot-eshte-nje-dite-e-madhe-mos-mungoni\/","title":{"rendered":"Sot \u00ebsht\u00eb nj\u00eb dit\u00eb e madhe! Mos mungoni!"},"content":{"rendered":"<p><strong>Nga Lu\u00e7iano BO\u00c7I<\/strong><\/p>\n<p>Regjimet n\u00eb koh\u00ebrat tona moderne nuk vijn\u00eb me tanke.<\/p>\n<p>Vijn\u00eb me propagand\u00eb e lule, zbukurime e mashtrime, korrupsion dhe degradim.<\/p>\n<p>Vijn\u00eb me deformim t\u00eb zgjedhjeve, censur\u00eb t\u00eb liris\u00eb s\u00eb fjal\u00ebs me blerje mediash e shitje interesash.<\/p>\n<p>Vijn\u00eb me sklajone bandash q\u00eb ushqehen e rriten me kujdes, p\u00ebr tu p\u00ebrdorur si qen lufte votash e me \u201cskllev\u00ebr t\u00eb lumtur\u201d t\u00eb administrat\u00ebs politike.<\/p>\n<p>Vijn\u00eb me kapjen e drejt\u00ebsis\u00eb, p\u00ebr ta p\u00ebrdorur si kobure politike kund\u00ebr opozit\u00ebs p\u00ebr ta eleminuar at\u00eb.<\/p>\n<p>Vijn\u00eb me burgosje e arrestime me akuza false e d\u00ebshmitar\u00eb t\u00eb krijuar, ndaj p\u00ebrfaq\u00ebsuesve politik\u00eb.<\/p>\n<p>Vijn\u00eb duke fikur \u00ebndrrat, shpres\u00ebn, besimin, reagimin qytetar duke i shtyr\u00eb njer\u00ebzit drejt ikjes.<\/p>\n<p>E ne p\u00ebr fatin ton\u00eb t\u00eb mbrapsht\u00eb jemi n\u00eb regjim!<\/p>\n<p>Delikuent\u00ebt e diktatur\u00ebs, \u00e7unat e \u201cudh\u00ebheqjes\u201d, paranojak\u00ebt dhe kompleksuarit nga demokracia, sigurimsat cinik\u00eb e t\u00eb ndyr\u00eb, fanatik\u00ebt banal\u00eb, scrib\u00ebt e d\u00ebshtuar dhe hileqar\u00eb, hienat e \u00e7akejt\u00eb e pla\u00e7kitjeve, hardhucat e gjarp\u00ebrinjt\u00eb e pushtetit jan\u00eb b\u00ebr\u00eb bashk\u00eb, p\u00ebr t\u00eb kthyer kohrat e humbura t\u00eb \u201cpushtetit popullor\u201d e p\u00ebr t\u00eb mbytur dhe vrar\u00eb \u00e7do opozit\u00eb.<\/p>\n<p>Harrojn\u00eb q\u00eb vjen nj\u00eb dit\u00eb si kjo e sotmja kur njer\u00ebzit e thjesht\u00eb, qytetar\u00ebt revoltohen e ngrihen kund\u00ebr padrejt\u00ebsive.<\/p>\n<p>Harrojn\u00eb q\u00eb duke dashur t\u00eb p\u00ebrs\u00ebrisin historin\u00eb e revanshit, po p\u00ebrs\u00ebrisin fatin e tyre fatal t\u00eb shembjes me zhurm\u00eb.<\/p>\n<p>E sot k\u00ebrcitja e shembjes ndjehet kudo dhe \u00ebsht\u00eb shp\u00ebrndar\u00eb me tmerr n\u00eb \u00e7do skut\u00eb e zyr\u00eb pushteti.<\/p>\n<p>Prandaj qytetar\u00eb mos mungoni!<\/p>\n<p>\u00cbsht\u00eb dita e veprimit dhe e t\u00eb drejt\u00ebs suaj!<\/p>\n<p>\u00cbsht\u00eb dita p\u00ebr t\u00eb nisur marshimin e shpres\u00ebn e besimit!<\/p>\n<p>Dita p\u00ebr t\u00eb shembur t\u00eb keqen e instaluar.<\/p>\n<p>Dita p\u00ebr t\u00eb ecur pa frik\u00eb drejt s\u00eb ardhmes s\u00eb penguar me dhun\u00eb.<\/p>\n<p>Dita p\u00ebr t\u00eb dal\u00eb n\u00eb shesh n\u00eb em\u00ebr t\u00eb femij\u00ebve, familjeve e vendit.<\/p>\n<p>Dita p\u00ebr t\u00eb mbrojtur vlerat e parimet e shenjta t\u00eb liris\u00eb, besimit e atdheut.<\/p>\n<p>Kjo \u00ebsht\u00eb nj\u00eb dit\u00eb e madhe!<\/p>\n<p>E madhe sepse \u00ebsht\u00eb dita juaj!<\/p>\n<p>Mos i mungoni historis\u00eb!<\/p>\n","protected":false},"excerpt":{"rendered":"<p>Nga Lu\u00e7iano BO\u00c7I Regjimet n\u00eb koh\u00ebrat tona moderne nuk vijn\u00eb me tanke. Vijn\u00eb me propagand\u00eb e lule, zbukurime e mashtrime, korrupsion dhe degradim. Vijn\u00eb me deformim t\u00eb zgjedhjeve, censur\u00eb t\u00eb liris\u00eb s\u00eb fjal\u00ebs me blerje mediash e shitje interesash. Vijn\u00eb me sklajone bandash q\u00eb ushqehen e rriten me kujdes, p\u00ebr tu p\u00ebrdorur si qen lufte &hellip;<\/p>\n","protected":false},"author":4,"featured_media":17251,"comment_status":"closed","ping_status":"closed","sticky":false,"template":"","format":"standard","meta":{"footnotes":""},"categories":[44],"tags":[],"class_list":["post-90664","post","type-post","status-publish","format-standard","has-post-thumbnail","","category-editorial"],"_links":{"self":[{"href":"https:\/\/rdnews.al\/index.php\/wp-json\/wp\/v2\/posts\/90664","targetHints":{"allow":["GET"]}}],"collection":[{"href":"https:\/\/rdnews.al\/index.php\/wp-json\/wp\/v2\/posts"}],"about":[{"href":"https:\/\/rdnews.al\/index.php\/wp-json\/wp\/v2\/types\/post"}],"author":[{"embeddable":true,"href":"https:\/\/rdnews.al\/index.php\/wp-json\/wp\/v2\/users\/4"}],"replies":[{"embeddable":true,"href":"https:\/\/rdnews.al\/index.php\/wp-json\/wp\/v2\/comments?post=90664"}],"version-history":[{"count":0,"href":"https:\/\/rdnews.al\/index.php\/wp-json\/wp\/v2\/posts\/90664\/revisions"}],"wp:featuredmedia":[{"embeddable":true,"href":"https:\/\/rdnews.al\/index.php\/wp-json\/wp\/v2\/media\/17251"}],"wp:attachment":[{"href":"https:\/\/rdnews.al\/index.php\/wp-json\/wp\/v2\/media?parent=90664"}],"wp:term":[{"taxonomy":"category","embeddable":true,"href":"https:\/\/rdnews.al\/index.php\/wp-json\/wp\/v2\/categories?post=90664"},{"taxonomy":"post_tag","embeddable":true,"href":"https:\/\/rdnews.al\/index.php\/wp-json\/wp\/v2\/tags?post=90664"}],"curies":[{"name":"wp","href":"https:\/\/api.w.org\/{rel}","templated":true}]}}