{"id":90775,"date":"2024-10-07T18:13:37","date_gmt":"2024-10-07T18:13:37","guid":{"rendered":"https:\/\/rdnews.al\/?p=90775"},"modified":"2024-10-07T18:13:37","modified_gmt":"2024-10-07T18:13:37","slug":"reagon-berisha-narko-banditet-hedhin-gaz-kunder-femijeve","status":"publish","type":"post","link":"https:\/\/rdnews.al\/index.php\/2024\/10\/07\/reagon-berisha-narko-banditet-hedhin-gaz-kunder-femijeve\/","title":{"rendered":"Reagon Berisha: Narko-bandit\u00ebt hedhin gaz kund\u00ebr f\u00ebmij\u00ebve"},"content":{"rendered":"<div id=\"rekl-49\">Lideri i opozit\u00ebs, Sali Berisha teksa po ndjek zhvillimet e protest\u00ebs komb\u00ebtare, ka reaguar pas hedhjues s\u00eb gazit lotsjell\u00ebs nga ana e Policis\u00eb.<\/div>\n<div class=\"readmore-text-here\">\n<p>Sipas Berish\u00ebs, narko-bandit\u00ebt nuk kursejn\u00eb as f\u00ebmij\u00ebt me gaz lotsjell\u00ebs.<\/p>\n<p>Bashkangjitur reagimit t\u00eb tij p\u00ebr aktin e policis\u00eb, Berisha ka shp\u00ebrndar\u00eb nj\u00eb video t\u00eb nj\u00eb vajze t\u00eb mitur e cila qan me d\u00ebnes\u00eb p\u00ebr shkak t\u00eb gazit q\u00eb \u00ebsht\u00eb hedhur.<\/p>\n<p>\u2018Narko-bandit\u00ebt hedhin gaz kund\u00ebr f\u00ebmij\u00ebve\u2019!, thuhet n\u00eb reagimin e liderit t\u00eb opozit\u00ebs.<\/p>\n<div>\n<div>\n<div>\n<div>\n<div>\n<div>\n<div><\/div>\n<\/div>\n<\/div>\n<div><\/div>\n<div><\/div>\n<div>\n<div><a href=\"https:\/\/www.instagram.com\/reel\/DA1QWlCtaQk\/?utm_source=ig_embed&amp;utm_campaign=loading\" target=\"_blank\" rel=\"noopener\">View this post on Instagram<\/a><\/div>\n<\/div>\n<div><\/div>\n<\/div>\n<\/div>\n<div>\n<div><\/div>\n<div><\/div>\n<div><\/div>\n<\/div>\n<\/div>\n<div>\n<div><\/div>\n<\/div>\n<\/div>\n<\/div>\n","protected":false},"excerpt":{"rendered":"<p>Lideri i opozit\u00ebs, Sali Berisha teksa po ndjek zhvillimet e protest\u00ebs komb\u00ebtare, ka reaguar pas hedhjues s\u00eb gazit lotsjell\u00ebs nga ana e Policis\u00eb. Sipas Berish\u00ebs, narko-bandit\u00ebt nuk kursejn\u00eb as f\u00ebmij\u00ebt me gaz lotsjell\u00ebs. Bashkangjitur reagimit t\u00eb tij p\u00ebr aktin e policis\u00eb, Berisha ka shp\u00ebrndar\u00eb nj\u00eb video t\u00eb nj\u00eb vajze t\u00eb mitur e cila qan me &hellip;<\/p>\n","protected":false},"author":4,"featured_media":90776,"comment_status":"closed","ping_status":"closed","sticky":false,"template":"","format":"standard","meta":{"footnotes":""},"categories":[37],"tags":[],"class_list":["post-90775","post","type-post","status-publish","format-standard","has-post-thumbnail","","category-politike"],"_links":{"self":[{"href":"https:\/\/rdnews.al\/index.php\/wp-json\/wp\/v2\/posts\/90775","targetHints":{"allow":["GET"]}}],"collection":[{"href":"https:\/\/rdnews.al\/index.php\/wp-json\/wp\/v2\/posts"}],"about":[{"href":"https:\/\/rdnews.al\/index.php\/wp-json\/wp\/v2\/types\/post"}],"author":[{"embeddable":true,"href":"https:\/\/rdnews.al\/index.php\/wp-json\/wp\/v2\/users\/4"}],"replies":[{"embeddable":true,"href":"https:\/\/rdnews.al\/index.php\/wp-json\/wp\/v2\/comments?post=90775"}],"version-history":[{"count":0,"href":"https:\/\/rdnews.al\/index.php\/wp-json\/wp\/v2\/posts\/90775\/revisions"}],"wp:featuredmedia":[{"embeddable":true,"href":"https:\/\/rdnews.al\/index.php\/wp-json\/wp\/v2\/media\/90776"}],"wp:attachment":[{"href":"https:\/\/rdnews.al\/index.php\/wp-json\/wp\/v2\/media?parent=90775"}],"wp:term":[{"taxonomy":"category","embeddable":true,"href":"https:\/\/rdnews.al\/index.php\/wp-json\/wp\/v2\/categories?post=90775"},{"taxonomy":"post_tag","embeddable":true,"href":"https:\/\/rdnews.al\/index.php\/wp-json\/wp\/v2\/tags?post=90775"}],"curies":[{"name":"wp","href":"https:\/\/api.w.org\/{rel}","templated":true}]}}