{"id":9091,"date":"2022-04-10T11:04:36","date_gmt":"2022-04-10T11:04:36","guid":{"rendered":"https:\/\/rdnews.al\/?p=9091"},"modified":"2022-04-11T09:33:54","modified_gmt":"2022-04-11T09:33:54","slug":"rama-ne-panik-nga-rikthimi-i-berishes-thirrje-spak-nga-kongresi-partise-shtet-ta-burgose","status":"publish","type":"post","link":"https:\/\/rdnews.al\/index.php\/2022\/04\/10\/rama-ne-panik-nga-rikthimi-i-berishes-thirrje-spak-nga-kongresi-partise-shtet-ta-burgose\/","title":{"rendered":"Rama n\u00eb panik nga rikthimi i Berish\u00ebs, thirrje SPAK nga kongresi Partis\u00eb-Shtet, ta burgos\u00eb!"},"content":{"rendered":"<p>Rama n\u00eb panik nga rikthimi i Berishes i ka b\u00ebr\u00eb thirrje SPAK nga kongresi i Partis\u00eb-Shtet ta burgos\u00eb liderin e opozit\u00ebs.<\/p>\n<p>\u201c\u00c7udia e \u00e7udive \u00ebsht\u00eb kjo q\u00eb nd\u00ebrkoh\u00eb q\u00eb SPAK-u vihet natyrsh\u00ebm n\u00eb l\u00ebvizje edhe nga nj\u00eb deklarat\u00eb partie, kuptohet deklarat\u00eb e partive t\u00eb tjera jo e jona, p\u00ebr k\u00ebdo zyrtar t\u00eb lart\u00eb sot akoma nuk \u00ebsht\u00eb v\u00ebn\u00eb n\u00eb l\u00ebvizje t\u00eb pakt\u00ebn un\u00eb nuk di t\u00eb jet\u00eb n\u00eb l\u00ebvizje se s\u2019kam d\u00ebgjuar ta thot\u00eb. Nga deklarata m\u00eb e r\u00ebnd\u00eb q\u00eb \u00ebsht\u00eb b\u00ebr\u00eb zyrtarisht n\u00eb 30 vjet nga aleati m\u00eb i madh strategjik i Shqip\u00ebris\u00eb, jo p\u00ebr nj\u00eb njeri, por p\u00ebr krejt Shqip\u00ebrin\u00eb \u00ebsht\u00eb ajo deklarat\u00eb sepse ai njeri ka drejtuar Shqip\u00ebrin\u00eb. SPAK-u n\u00eb k\u00ebt\u00eb rast ka nj\u00eb detyrim q\u00eb e tejkalon shtetasin e ndaluar familjarisht t\u00eb hyj\u00eb n\u00eb SHBA, sepse ajo deklarat\u00eb atje nuk mund t\u00eb rrij\u00eb pezull, ose ka baz\u00eb ose nuk ka baz\u00eb, por k\u00ebt\u00eb nuk mund ta thot\u00eb politika e brendshme, duhet ta thot\u00eb vet\u00ebm drejt\u00ebsia.<\/p>\n<p>Sepse ajo deklarat\u00eb e mbetur pa p\u00ebrgjigjen e drejt\u00ebsis\u00eb, p\u00ebr t\u00eb gjith\u00eb ata q\u00eb kuptojn\u00eb dy gram\u00eb nga marr\u00ebdh\u00ebniet nd\u00ebrkomb\u00ebtare dhe q\u00eb kuptojn\u00eb nj\u00eb gram nga pesha e marr\u00ebdh\u00ebnia mes Shqip\u00ebris\u00eb dhe SHBA, \u00ebsht\u00eb gur n\u00eb qaf\u00ebn e Shqip\u00ebris\u00eb. SPAK-u duhet t\u2019ja heq\u00eb k\u00ebt\u00eb gur nga qafa duke e ndar\u00eb, ka baz\u00eb s\u2019ka baz\u00eb, q\u00eb shqiptar\u00ebt edhe ata krejt pa tru ta marrin mesazhin q\u00eb ka baz\u00eb s\u2019ka baz\u00eb\u201d, tha Rama.<\/p>\n","protected":false},"excerpt":{"rendered":"<p>Rama n\u00eb panik nga rikthimi i Berishes i ka b\u00ebr\u00eb thirrje SPAK nga kongresi i Partis\u00eb-Shtet ta burgos\u00eb liderin e opozit\u00ebs. \u201c\u00c7udia e \u00e7udive \u00ebsht\u00eb kjo q\u00eb nd\u00ebrkoh\u00eb q\u00eb SPAK-u vihet natyrsh\u00ebm n\u00eb l\u00ebvizje edhe nga nj\u00eb deklarat\u00eb partie, kuptohet deklarat\u00eb e partive t\u00eb tjera jo e jona, p\u00ebr k\u00ebdo zyrtar t\u00eb lart\u00eb sot akoma &hellip;<\/p>\n","protected":false},"author":4,"featured_media":0,"comment_status":"open","ping_status":"open","sticky":false,"template":"","format":"standard","meta":{"footnotes":""},"categories":[37],"tags":[],"class_list":["post-9091","post","type-post","status-publish","format-standard","","category-politike"],"_links":{"self":[{"href":"https:\/\/rdnews.al\/index.php\/wp-json\/wp\/v2\/posts\/9091","targetHints":{"allow":["GET"]}}],"collection":[{"href":"https:\/\/rdnews.al\/index.php\/wp-json\/wp\/v2\/posts"}],"about":[{"href":"https:\/\/rdnews.al\/index.php\/wp-json\/wp\/v2\/types\/post"}],"author":[{"embeddable":true,"href":"https:\/\/rdnews.al\/index.php\/wp-json\/wp\/v2\/users\/4"}],"replies":[{"embeddable":true,"href":"https:\/\/rdnews.al\/index.php\/wp-json\/wp\/v2\/comments?post=9091"}],"version-history":[{"count":0,"href":"https:\/\/rdnews.al\/index.php\/wp-json\/wp\/v2\/posts\/9091\/revisions"}],"wp:attachment":[{"href":"https:\/\/rdnews.al\/index.php\/wp-json\/wp\/v2\/media?parent=9091"}],"wp:term":[{"taxonomy":"category","embeddable":true,"href":"https:\/\/rdnews.al\/index.php\/wp-json\/wp\/v2\/categories?post=9091"},{"taxonomy":"post_tag","embeddable":true,"href":"https:\/\/rdnews.al\/index.php\/wp-json\/wp\/v2\/tags?post=9091"}],"curies":[{"name":"wp","href":"https:\/\/api.w.org\/{rel}","templated":true}]}}