{"id":90922,"date":"2024-10-08T20:18:39","date_gmt":"2024-10-08T20:18:39","guid":{"rendered":"https:\/\/rdnews.al\/?p=90922"},"modified":"2024-10-08T20:18:39","modified_gmt":"2024-10-08T20:18:39","slug":"vokshi-molotovi-me-e-pakta-ndaj-atyre-qe-grisen-dhe-shkelen-kushtetuten","status":"publish","type":"post","link":"https:\/\/rdnews.al\/index.php\/2024\/10\/08\/vokshi-molotovi-me-e-pakta-ndaj-atyre-qe-grisen-dhe-shkelen-kushtetuten\/","title":{"rendered":"Vokshi: Molotovi m\u00eb e pakta ndaj atyre q\u00eb gris\u00ebn dhe shkel\u00ebn Kushtetut\u00ebn"},"content":{"rendered":"<p>Deputetja demokrate Albana Vokshi thot\u00eb\u00a0se protesta shprehu revolt\u00ebn e qytetar\u00ebve, nd\u00ebrsa theksoi se nga molotov\u00ebt nuk pati asnj\u00eb d\u00ebmtim.<\/p>\n<p>Ajo shtoi m\u00eb tej se molotovi ishte m\u00eb e pakta q\u00eb mund t\u00eb ndodhte ndaj atyre q\u00eb kan\u00eb grisur dhe shkelur Kushtetut\u00ebn.<\/p>\n<p>Vokshi thekson se policia mbrojti nj\u00eb foto t\u00eb Edi Ram\u00ebs q\u00eb po digjej, nd\u00ebrkoh\u00eb q\u00eb nuk mbronte qytetar\u00ebt.<\/p>\n<p>\u201cMinistri i Brendsh\u00ebm tha se \u00ebsht\u00eb ushtruar dhun\u00eb ndaj institucioneve dhe Partis\u00eb Socialiste. Pra kemi nj\u00eb parti-shtet.<\/p>\n<p>Ai qytetari q\u00eb u plagos, z. Emiri u d\u00ebmtua nga molotovi q\u00eb hodhi policia n\u00eb drejtim t\u00eb qytetar\u00ebve. Ne pa u afruar te Parlamenti u hodh gaz, pa pasur asnj\u00eb shkak.<\/p>\n<p>Ne u sulmuam me gaz, nd\u00ebrsa po afroheshim te Parlamenti. Policia ka hedhur gaz n\u00eb m\u00ebnyr\u00eb jo proporcionale. Nuk pati asnj\u00eb akt dhune, molotov\u00ebt u hodh\u00ebn n\u00eb dyert e blinduara t\u00eb Kryeministris\u00eb, \u00e7far\u00eb ndodhi? Pati d\u00ebme? Asnj\u00eb d\u00ebm.<\/p>\n<p>Molotovi ishte m\u00eb e pakta q\u00eb mund t\u00eb ndodhte ndaj atyre q\u00eb ka grisur dhe shkelur Kushtetut\u00ebn. Policia mbrojti nj\u00eb foto t\u00eb Edi Ram\u00ebs q\u00eb po digjej, nd\u00ebrkoh\u00eb q\u00eb nuk mbronte qytetar\u00ebt\u201d, tha Vokshi n\u00eb emisionin \u201cOpen\u201d n\u00eb News24.<\/p>\n","protected":false},"excerpt":{"rendered":"<p>Deputetja demokrate Albana Vokshi thot\u00eb\u00a0se protesta shprehu revolt\u00ebn e qytetar\u00ebve, nd\u00ebrsa theksoi se nga molotov\u00ebt nuk pati asnj\u00eb d\u00ebmtim. Ajo shtoi m\u00eb tej se molotovi ishte m\u00eb e pakta q\u00eb mund t\u00eb ndodhte ndaj atyre q\u00eb kan\u00eb grisur dhe shkelur Kushtetut\u00ebn. Vokshi thekson se policia mbrojti nj\u00eb foto t\u00eb Edi Ram\u00ebs q\u00eb po digjej, nd\u00ebrkoh\u00eb &hellip;<\/p>\n","protected":false},"author":4,"featured_media":62677,"comment_status":"closed","ping_status":"closed","sticky":false,"template":"","format":"standard","meta":{"footnotes":""},"categories":[37],"tags":[],"class_list":["post-90922","post","type-post","status-publish","format-standard","has-post-thumbnail","","category-politike"],"_links":{"self":[{"href":"https:\/\/rdnews.al\/index.php\/wp-json\/wp\/v2\/posts\/90922","targetHints":{"allow":["GET"]}}],"collection":[{"href":"https:\/\/rdnews.al\/index.php\/wp-json\/wp\/v2\/posts"}],"about":[{"href":"https:\/\/rdnews.al\/index.php\/wp-json\/wp\/v2\/types\/post"}],"author":[{"embeddable":true,"href":"https:\/\/rdnews.al\/index.php\/wp-json\/wp\/v2\/users\/4"}],"replies":[{"embeddable":true,"href":"https:\/\/rdnews.al\/index.php\/wp-json\/wp\/v2\/comments?post=90922"}],"version-history":[{"count":0,"href":"https:\/\/rdnews.al\/index.php\/wp-json\/wp\/v2\/posts\/90922\/revisions"}],"wp:featuredmedia":[{"embeddable":true,"href":"https:\/\/rdnews.al\/index.php\/wp-json\/wp\/v2\/media\/62677"}],"wp:attachment":[{"href":"https:\/\/rdnews.al\/index.php\/wp-json\/wp\/v2\/media?parent=90922"}],"wp:term":[{"taxonomy":"category","embeddable":true,"href":"https:\/\/rdnews.al\/index.php\/wp-json\/wp\/v2\/categories?post=90922"},{"taxonomy":"post_tag","embeddable":true,"href":"https:\/\/rdnews.al\/index.php\/wp-json\/wp\/v2\/tags?post=90922"}],"curies":[{"name":"wp","href":"https:\/\/api.w.org\/{rel}","templated":true}]}}