{"id":90983,"date":"2024-10-09T16:37:55","date_gmt":"2024-10-09T16:37:55","guid":{"rendered":"https:\/\/rdnews.al\/?p=90983"},"modified":"2024-10-09T16:37:55","modified_gmt":"2024-10-09T16:37:55","slug":"pollo-mosbindja-civile-tregoi-se-opozita-ka-mbeshtetjen-e-popullit","status":"publish","type":"post","link":"https:\/\/rdnews.al\/index.php\/2024\/10\/09\/pollo-mosbindja-civile-tregoi-se-opozita-ka-mbeshtetjen-e-popullit\/","title":{"rendered":"Pollo: Mosbindja civile tregoi se opozita ka mb\u00ebshtetjen e popullit!"},"content":{"rendered":"<p>An\u00ebtari i kryesis\u00eb s\u00eb PD, Genc Pollo thot\u00eb se protesta e opozit\u00ebs tregoi se kjo e fundit e ka mb\u00ebshtetjen e popullit.<\/p>\n<p>N\u00eb nj\u00eb intervist\u00eb p\u00ebr Syri Tv n\u00eb edicionin e pasdites me moderator, Edvin Parruca, Pollo tha se pas burgosjes politike t\u00eb ligjv\u00ebn\u00ebsit demokrat, Ervin Salianji lindi nevoja p\u00ebr nj\u00eb reagim opozitar.<\/p>\n<p>Sipas Pollos, opozita tregoi kredo politike duke mos bojkotuar parlamentin, pavar\u00ebisht segmenteve t\u00eb caktuara t\u00eb mazhoranc\u00ebs q\u00eb e d\u00ebshironin nj\u00eb gj\u00eb t\u00eb till\u00eb.<\/p>\n<p>An\u00ebtari i kryesis\u00eb s\u00eb demokrat\u00ebve, theksoi gjithashtu nevoj\u00ebn p\u00ebr nj\u00eb qeveri teknkike para votimeve parlamentare t\u00eb pranver\u00ebs s\u00eb ardhshme, si nj\u00eb garanci sipas tij p\u00ebr t\u00eb pasur zgjedhje t\u00eb balancuara.<\/p>\n<p>\u201cOpozita reagoi. Pas burgosjes s\u00eb Salianjit ishte nevoja t\u00eb tregohej reagimi i opozit\u00ebs. Tregoi se e ka popullin me vete dhe n\u00eb mb\u00ebshtetje. Burgosja e nj\u00eb deputeti t\u00eb opozit\u00ebs, \u00ebsht\u00eb p\u00ebrpjekja p\u00ebr t\u00eb mbrojtur an\u00ebn kriminale t\u00eb qeveris\u00eb dhe lidhjeve t\u00eb saj me krimin.<\/p>\n<p>Edhe pse ka segmente t\u00eb mazhoranc\u00ebs q\u00eb do t\u2019u interesonte t\u00eb shtynin opozit\u00ebn drejt bojkotit n\u00eb parlament. Basha e d\u00ebmtoi opozit\u00ebn me djegien e mandateve.<\/p>\n<p>Molotov\u00ebt, reagim i duhur nga nj\u00eb banditiz\u00ebm i t\u00ebr\u00eb nga qeveria n\u00eb pushtet. N\u00eb vetvte s\u2019jam i sigurt q\u00eb p\u00ebrtej Shqip\u00ebris\u00eb, aprovimi \u00ebsht\u00eb i plot\u00eb dhe imediat.<\/p>\n<p>Opozita maqedonase kishte nj\u00eb situat\u00eb t\u00eb ngjashme dhe mazhoranca e asokohe pranoi q\u00eb t\u00eb instalonte qeveri teknike me an\u00eb t\u00eb nj\u00eb marr\u00ebveshjeje mazhoranc\u00eb-opozite. Marr\u00ebveshje q\u00eb funksionon.<\/p>\n<p>Nj\u00eb model i till\u00eb n\u00eb nj\u00eb situat\u00eb kapjeje shteti, \u00ebsht\u00eb nj\u00eb model u mir\u00eb, do shtensiononte situat\u00ebn dhe rriste shanset p\u00ebr mos kapjen e shtetit. Angazhim maksimal p\u00ebr t\u00eb fituar n\u00eb zgjedhjet e ardhshme. Proetsta \u00ebsht\u00eb e dobishme, edhe p\u00ebr funskionimin e shtetit ligjor dhe demokracis\u00eb, ve\u00e7 asaj q\u00eb i sh\u00ebrben edhe opozit\u00ebs.<\/p>\n<p>Sondazghet tregojn\u00eb se opozita mb\u00ebshtetet m\u00eb shum\u00eb s\u00eb gjysm\u00eb milioni n\u00eb Shqip\u00ebri. Kultivimi i k\u00ebtij elektoralti, p\u00ebrmes denoncimeve publike t\u00eb skandaleve t\u00eb qeveris\u00eb. N\u00eb Kuvend u miratua vota se diaspor\u00ebs dhe ka nj\u00eb potencial t\u00eb madh votash, q\u00eb mund t\u00eb jen\u00eb t\u00eb opozit\u00ebs. N\u00eb zgjedhje \u00ebsht\u00eb e nevojshme, q\u00eb t\u00eb ket\u00eb rotacion pushteti. Qeveri teknike \u00ebsht\u00eb mund\u00ebsi p\u00ebr t\u00eb pasur zgjedhje t\u00eb balancuara. Opozit\u00ebn s\u2019mund ta shuaj\u00eb Edi Rama\u201d, u shpreh Pollo.<\/p>\n","protected":false},"excerpt":{"rendered":"<p>An\u00ebtari i kryesis\u00eb s\u00eb PD, Genc Pollo thot\u00eb se protesta e opozit\u00ebs tregoi se kjo e fundit e ka mb\u00ebshtetjen e popullit. N\u00eb nj\u00eb intervist\u00eb p\u00ebr Syri Tv n\u00eb edicionin e pasdites me moderator, Edvin Parruca, Pollo tha se pas burgosjes politike t\u00eb ligjv\u00ebn\u00ebsit demokrat, Ervin Salianji lindi nevoja p\u00ebr nj\u00eb reagim opozitar. Sipas Pollos, &hellip;<\/p>\n","protected":false},"author":4,"featured_media":4359,"comment_status":"closed","ping_status":"closed","sticky":false,"template":"","format":"standard","meta":{"footnotes":""},"categories":[37],"tags":[],"class_list":["post-90983","post","type-post","status-publish","format-standard","has-post-thumbnail","","category-politike"],"_links":{"self":[{"href":"https:\/\/rdnews.al\/index.php\/wp-json\/wp\/v2\/posts\/90983","targetHints":{"allow":["GET"]}}],"collection":[{"href":"https:\/\/rdnews.al\/index.php\/wp-json\/wp\/v2\/posts"}],"about":[{"href":"https:\/\/rdnews.al\/index.php\/wp-json\/wp\/v2\/types\/post"}],"author":[{"embeddable":true,"href":"https:\/\/rdnews.al\/index.php\/wp-json\/wp\/v2\/users\/4"}],"replies":[{"embeddable":true,"href":"https:\/\/rdnews.al\/index.php\/wp-json\/wp\/v2\/comments?post=90983"}],"version-history":[{"count":0,"href":"https:\/\/rdnews.al\/index.php\/wp-json\/wp\/v2\/posts\/90983\/revisions"}],"wp:featuredmedia":[{"embeddable":true,"href":"https:\/\/rdnews.al\/index.php\/wp-json\/wp\/v2\/media\/4359"}],"wp:attachment":[{"href":"https:\/\/rdnews.al\/index.php\/wp-json\/wp\/v2\/media?parent=90983"}],"wp:term":[{"taxonomy":"category","embeddable":true,"href":"https:\/\/rdnews.al\/index.php\/wp-json\/wp\/v2\/categories?post=90983"},{"taxonomy":"post_tag","embeddable":true,"href":"https:\/\/rdnews.al\/index.php\/wp-json\/wp\/v2\/tags?post=90983"}],"curies":[{"name":"wp","href":"https:\/\/api.w.org\/{rel}","templated":true}]}}