{"id":91149,"date":"2024-10-11T09:35:35","date_gmt":"2024-10-11T09:35:35","guid":{"rendered":"https:\/\/rdnews.al\/?p=91149"},"modified":"2024-10-11T09:35:35","modified_gmt":"2024-10-11T09:35:35","slug":"cyrbja-i-shkon-ne-zyre-ulsi-manjes-pasi-doli-nga-spak","status":"publish","type":"post","link":"https:\/\/rdnews.al\/index.php\/2024\/10\/11\/cyrbja-i-shkon-ne-zyre-ulsi-manjes-pasi-doli-nga-spak\/","title":{"rendered":"\u00c7yrbja i shkon n\u00eb zyr\u00eb Ulsi Manj\u00ebs\u00a0pasi doli nga SPAK"},"content":{"rendered":"<p>Ish-deputeti socialist, Ergys \u00c7yrbja, \u00ebsht\u00eb takuar me ministrin e Drejt\u00ebsis\u00eb Ulsi Manja, pas daljes nga Prokuroria e Posa\u00e7me.<\/p>\n<p>Burime p\u00ebr A2 CNN b\u00ebjn\u00eb t\u00eb ditur se \u00c7yrbja i ka shkuar n\u00eb zyr\u00eb Manj\u00ebs. M\u00ebngjesin e t\u00eb premtes, \u00c7yrbja u mor i pandehur nga SPAK, i akuzuar p\u00ebr \u201cshp\u00ebrdorim detyre\u201d.<\/p>\n<p>T\u00eb enjten ai dor\u00ebzoi mandatin e deputetit.<\/p>\n<p>Kjo l\u00ebvizje e tij u lexua si manov\u00ebr p\u00ebr t\u00eb shmangur hetimin nga SPAK.<\/p>\n<p>Nj\u00eb dit\u00eb pasi dha dor\u00ebheqjen nga mandati i deputetit Jurgis \u00c7yrbja u paraqit paraditen e k\u00ebsaj t\u00eb premteje n\u00eb SPAK. K\u00ebt\u00eb her\u00eb ai ka qen\u00eb i shoq\u00ebruar nga avokatja e tij Brunilda Kullolli.<\/p>\n<p>Ndaj socialistit n\u00eb prill t\u00eb 2021 ka b\u00ebr\u00eb kall\u00ebzim n\u00ebnkryetari i Partis\u00eb Demokratike Edi Paloka. Ky i fundit pretendonte se \u00c7yrbja kishte shp\u00ebrdoruar detyr\u00ebn si drejtues hipoteke dhe se para zgjedhjeve t\u00eb prillit 2021, kur ishte kandidat p\u00ebr deputet, kishte shp\u00ebrndar\u00eb certifikata legalizimi.<\/p>\n<p>Mandati i deputetit i takon Erjon Mek\u00ebs, pasi Denis Deliu dhe Arkend Bala kan\u00eb marr\u00eb mandatin e deputetit pas Lefter Kok\u00ebs dhe Rrahman Rraj\u00ebs.<\/p>\n","protected":false},"excerpt":{"rendered":"<p>Ish-deputeti socialist, Ergys \u00c7yrbja, \u00ebsht\u00eb takuar me ministrin e Drejt\u00ebsis\u00eb Ulsi Manja, pas daljes nga Prokuroria e Posa\u00e7me. Burime p\u00ebr A2 CNN b\u00ebjn\u00eb t\u00eb ditur se \u00c7yrbja i ka shkuar n\u00eb zyr\u00eb Manj\u00ebs. M\u00ebngjesin e t\u00eb premtes, \u00c7yrbja u mor i pandehur nga SPAK, i akuzuar p\u00ebr \u201cshp\u00ebrdorim detyre\u201d. T\u00eb enjten ai dor\u00ebzoi mandatin e &hellip;<\/p>\n","protected":false},"author":4,"featured_media":91060,"comment_status":"closed","ping_status":"closed","sticky":false,"template":"","format":"standard","meta":{"footnotes":""},"categories":[37],"tags":[],"class_list":["post-91149","post","type-post","status-publish","format-standard","has-post-thumbnail","","category-politike"],"_links":{"self":[{"href":"https:\/\/rdnews.al\/index.php\/wp-json\/wp\/v2\/posts\/91149","targetHints":{"allow":["GET"]}}],"collection":[{"href":"https:\/\/rdnews.al\/index.php\/wp-json\/wp\/v2\/posts"}],"about":[{"href":"https:\/\/rdnews.al\/index.php\/wp-json\/wp\/v2\/types\/post"}],"author":[{"embeddable":true,"href":"https:\/\/rdnews.al\/index.php\/wp-json\/wp\/v2\/users\/4"}],"replies":[{"embeddable":true,"href":"https:\/\/rdnews.al\/index.php\/wp-json\/wp\/v2\/comments?post=91149"}],"version-history":[{"count":1,"href":"https:\/\/rdnews.al\/index.php\/wp-json\/wp\/v2\/posts\/91149\/revisions"}],"predecessor-version":[{"id":91150,"href":"https:\/\/rdnews.al\/index.php\/wp-json\/wp\/v2\/posts\/91149\/revisions\/91150"}],"wp:featuredmedia":[{"embeddable":true,"href":"https:\/\/rdnews.al\/index.php\/wp-json\/wp\/v2\/media\/91060"}],"wp:attachment":[{"href":"https:\/\/rdnews.al\/index.php\/wp-json\/wp\/v2\/media?parent=91149"}],"wp:term":[{"taxonomy":"category","embeddable":true,"href":"https:\/\/rdnews.al\/index.php\/wp-json\/wp\/v2\/categories?post=91149"},{"taxonomy":"post_tag","embeddable":true,"href":"https:\/\/rdnews.al\/index.php\/wp-json\/wp\/v2\/tags?post=91149"}],"curies":[{"name":"wp","href":"https:\/\/api.w.org\/{rel}","templated":true}]}}