{"id":91188,"date":"2024-10-11T11:40:04","date_gmt":"2024-10-11T11:40:04","guid":{"rendered":"https:\/\/rdnews.al\/?p=91188"},"modified":"2024-10-11T11:40:04","modified_gmt":"2024-10-11T11:40:04","slug":"a-do-te-hetoje-spak-pasurine-e-vellait-trafikant-dhe-te-vete-fatmir-xhafajt","status":"publish","type":"post","link":"https:\/\/rdnews.al\/index.php\/2024\/10\/11\/a-do-te-hetoje-spak-pasurine-e-vellait-trafikant-dhe-te-vete-fatmir-xhafajt\/","title":{"rendered":"A do t\u00eb hetoj\u00eb SPAK pasurin\u00eb e v\u00ebllait trafikant dhe t\u00eb vet\u00eb Fatmir Xhafajt?"},"content":{"rendered":"<div class=\"elementor-element elementor-element-7a363358 elementor-widget elementor-widget-theme-post-title elementor-page-title elementor-widget-heading\" data-id=\"7a363358\" data-element_type=\"widget\" data-widget_type=\"theme-post-title.default\">\n<div class=\"elementor-widget-container\">\n<h1 class=\"elementor-heading-title elementor-size-default\"><span style=\"font-size: 16px;\">Nga Naim NOKA<\/span><\/h1>\n<\/div>\n<\/div>\n<div class=\"elementor-element elementor-element-7b57b365 elementor-widget elementor-widget-theme-post-content\" data-id=\"7b57b365\" data-element_type=\"widget\" data-widget_type=\"theme-post-content.default\">\n<div class=\"elementor-widget-container\">\n<p>Ah, \u00e7far\u00eb spektakli na ofroi mbr\u00ebm\u00eb ish-ministri i Brendsh\u00ebm, Fatmir Xhafaj! N\u00eb nj\u00eb episod t\u00eb shfaqjes mall\u00ebngjyese komb\u00ebtare t\u00eb lot\u00ebve , Xhafaj na la pa frym\u00eb me nj\u00eb p\u00ebrzierje emocioni, mllefi dhe nuk harroi t\u00eb linte nj\u00eb shteg t\u00eb vog\u00ebl se mund t\u00eb nis\u00eb \u00a0nj\u00eb karriere t\u00eb mundshme n\u00eb Teatrin e \u00a0Komb\u00ebtar q\u00eb po nd\u00ebrtohet. N\u00eb emisionin \u201cOpinion\u201d, ai foli p\u00ebr dram\u00ebn e familjes s\u00eb tij, ve\u00e7an\u00ebrisht p\u00ebr v\u00ebllan\u00eb trafikant, Agron \u2013 alias Geron \u2013 i cili ndodhet i d\u00ebnuar n\u00eb Itali p\u00ebr trafik droge.<\/p>\n<p><img loading=\"lazy\" decoding=\"async\" class=\"alignnone size-full wp-image-352637\" src=\"https:\/\/publik.al\/wp-content\/uploads\/2024\/10\/IMG_6788.png.webp\" sizes=\"auto, (max-width: 1193px) 100vw, 1193px\" srcset=\"https:\/\/publik.al\/wp-content\/uploads\/2024\/10\/IMG_6788.png.webp 1193w, https:\/\/publik.al\/wp-content\/uploads\/2024\/10\/IMG_6788-768x420.png.webp 768w\" alt=\"\" width=\"1193\" height=\"652\" \/>Me nj\u00eb shprehje t\u00eb pafajshme n\u00eb fytyr\u00eb dhe lot q\u00eb i shk\u00eblqenin n\u00eb sy, ish-ministri p\u00ebrpiqej t\u2019i tregonte publikut shqiptar se \u00e7do gj\u00eb ishte nj\u00eb \u201cgabim rinie\u201d!<\/p>\n<p>Sigurisht, \u201cgabimet e rinis\u00eb\u201d t\u00eb Agron Xhafajt nuk jan\u00eb si ato t\u00eb rinis\u00eb s\u00eb zakonshme. N\u00eb vend q\u00eb t\u00eb harrosh librat n\u00eb shkoll\u00eb, Agroni harroi ligjin nd\u00ebrkomb\u00ebtar p\u00ebr drog\u00ebn, duke u kapur n\u00eb nj\u00eb operacion t\u00eb r\u00ebnd\u00eb kriminal. Por mos u shqet\u00ebsoni, sepse sipas Fatmirit, \u00e7\u00ebshtja \u00ebsht\u00eb \u201ctejkaluar\u201d dhe nuk ka nevoj\u00eb p\u00ebr m\u00eb shum\u00eb hetime. Dhe n\u00ebse ndonj\u00eb prokuror mendon ndryshe, ndoshta duhet t\u00eb shikoj\u00eb m\u00eb par\u00eb t\u00eb ardhmen e tij politike.<\/p>\n<p><img loading=\"lazy\" decoding=\"async\" class=\"alignnone size-full wp-image-352638\" src=\"https:\/\/publik.al\/wp-content\/uploads\/2024\/10\/IMG_6796.jpeg.webp\" sizes=\"auto, (max-width: 1920px) 100vw, 1920px\" srcset=\"https:\/\/publik.al\/wp-content\/uploads\/2024\/10\/IMG_6796.jpeg.webp 1920w, https:\/\/publik.al\/wp-content\/uploads\/2024\/10\/IMG_6796-768x432.jpeg.webp 768w, https:\/\/publik.al\/wp-content\/uploads\/2024\/10\/IMG_6796-1536x864.jpeg.webp 1536w\" alt=\"\" width=\"1920\" height=\"1080\" \/>N\u00eb nj\u00eb l\u00ebvizje t\u00eb sofistikuar retorike, Xhafaj kujtoi t\u00eb kaluar\u00ebn e tij si prokuror, duke mohuar se kishte qen\u00eb pjes\u00eb e regjimit komunist, nd\u00ebrkoh\u00eb q\u00eb p\u00ebrdori me mjesht\u00ebri metoda q\u00eb t\u00eb sjellin nd\u00ebrmend pik\u00ebrisht ato koh\u00eb dhe lulet p\u00ebr shokun Enver \u00a0ja kishin ngecur n\u00eb dor\u00eb.<br \/>\nMadje, ai shkoi deri n\u00eb Gjermani p\u00ebr t\u00eb mbledhur d\u00ebshmi t\u00eb njer\u00ebzve q\u00eb, sipas tij, nuk ishin hetuar p\u00ebr motive politike. Me sa duket, dikush duhet t\u2019i jap\u00eb \u00e7mimin e \u201cSherlock Holmes t\u00eb socializmit t\u00eb von\u00eb\u201d.<\/p>\n<p>E nd\u00ebrsa Xhafaj l\u00ebshonte lot p\u00ebr hallet e tij, dikush ndoshta duhet t\u2019i kujtoj\u00eb se shqiptar\u00ebt kan\u00eb hallet e tyre \u2013 t\u00eb v\u00ebrteta, jo t\u00eb prodhuara n\u00eb studio televizive. Hallet e tyre jan\u00eb p\u00ebr nj\u00eb drejt\u00ebsi t\u00eb munguar, p\u00ebr politikan\u00eb q\u00eb largojn\u00eb p\u00ebrgjegj\u00ebsit\u00eb me po t\u00eb nj\u00ebjtin talent me t\u00eb cilin qajn\u00eb p\u00ebrpara kamerave. Dhe k\u00ebtu vijm\u00eb te pyetja thelb\u00ebsore: A do t\u00eb hetoj\u00eb SPAK pasurin\u00eb e Xhafajt dhe t\u00eb v\u00ebllait t\u00eb tij trafikant?<\/p>\n<p>Deri m\u00eb sot, SPAK ka qen\u00eb m\u00eb shum\u00eb nj\u00eb instrument propagande sesa nj\u00eb institucion q\u00eb e b\u00ebn pun\u00ebn e tij me seriozitet. Ndoshta, Fatmir Xhafaj \u00ebsht\u00eb i qet\u00eb p\u00ebr momentin, por shqiptar\u00ebt kan\u00eb par\u00eb shum\u00eb telenovela politike dhe jan\u00eb lodhur nga rikthimet e nj\u00ebpasnj\u00ebshme t\u00eb episodit ku politikan\u00ebt qajn\u00eb, por asnj\u00eb nuk mban p\u00ebrgjegj\u00ebsi.<\/p>\n<p>Le t\u00eb presim t\u00eb shohim se si do t\u00eb zhvillohet ky episod i radh\u00ebs \u2013 ndoshta SPAK do t\u2019i jap\u00eb publikut nj\u00eb surpriz\u00eb t\u00eb v\u00ebrtet\u00eb. Deri at\u00ebher\u00eb, do t\u00eb vazhdojm\u00eb t\u00eb shohim politikan\u00eb q\u00eb qajn\u00eb me lot si t\u00eb Fatmir Xhaf\u00ebs.<strong>\/Publik.al<\/strong><\/p>\n<\/div>\n<\/div>\n","protected":false},"excerpt":{"rendered":"<p>Nga Naim NOKA Ah, \u00e7far\u00eb spektakli na ofroi mbr\u00ebm\u00eb ish-ministri i Brendsh\u00ebm, Fatmir Xhafaj! N\u00eb nj\u00eb episod t\u00eb shfaqjes mall\u00ebngjyese komb\u00ebtare t\u00eb lot\u00ebve , Xhafaj na la pa frym\u00eb me nj\u00eb p\u00ebrzierje emocioni, mllefi dhe nuk harroi t\u00eb linte nj\u00eb shteg t\u00eb vog\u00ebl se mund t\u00eb nis\u00eb \u00a0nj\u00eb karriere t\u00eb mundshme n\u00eb Teatrin e \u00a0Komb\u00ebtar &hellip;<\/p>\n","protected":false},"author":4,"featured_media":91189,"comment_status":"closed","ping_status":"closed","sticky":false,"template":"","format":"standard","meta":{"footnotes":""},"categories":[37],"tags":[],"class_list":["post-91188","post","type-post","status-publish","format-standard","has-post-thumbnail","","category-politike"],"_links":{"self":[{"href":"https:\/\/rdnews.al\/index.php\/wp-json\/wp\/v2\/posts\/91188","targetHints":{"allow":["GET"]}}],"collection":[{"href":"https:\/\/rdnews.al\/index.php\/wp-json\/wp\/v2\/posts"}],"about":[{"href":"https:\/\/rdnews.al\/index.php\/wp-json\/wp\/v2\/types\/post"}],"author":[{"embeddable":true,"href":"https:\/\/rdnews.al\/index.php\/wp-json\/wp\/v2\/users\/4"}],"replies":[{"embeddable":true,"href":"https:\/\/rdnews.al\/index.php\/wp-json\/wp\/v2\/comments?post=91188"}],"version-history":[{"count":1,"href":"https:\/\/rdnews.al\/index.php\/wp-json\/wp\/v2\/posts\/91188\/revisions"}],"predecessor-version":[{"id":91190,"href":"https:\/\/rdnews.al\/index.php\/wp-json\/wp\/v2\/posts\/91188\/revisions\/91190"}],"wp:featuredmedia":[{"embeddable":true,"href":"https:\/\/rdnews.al\/index.php\/wp-json\/wp\/v2\/media\/91189"}],"wp:attachment":[{"href":"https:\/\/rdnews.al\/index.php\/wp-json\/wp\/v2\/media?parent=91188"}],"wp:term":[{"taxonomy":"category","embeddable":true,"href":"https:\/\/rdnews.al\/index.php\/wp-json\/wp\/v2\/categories?post=91188"},{"taxonomy":"post_tag","embeddable":true,"href":"https:\/\/rdnews.al\/index.php\/wp-json\/wp\/v2\/tags?post=91188"}],"curies":[{"name":"wp","href":"https:\/\/api.w.org\/{rel}","templated":true}]}}