{"id":91192,"date":"2024-10-11T16:45:11","date_gmt":"2024-10-11T16:45:11","guid":{"rendered":"https:\/\/rdnews.al\/?p=91192"},"modified":"2024-10-11T16:45:11","modified_gmt":"2024-10-11T16:45:11","slug":"malltezi-edi-rama-grabit-22-ha-toke-te-tjera-ne-himare-spak-nuk-guxon-as-ti-permende-emrin","status":"publish","type":"post","link":"https:\/\/rdnews.al\/index.php\/2024\/10\/11\/malltezi-edi-rama-grabit-22-ha-toke-te-tjera-ne-himare-spak-nuk-guxon-as-ti-permende-emrin\/","title":{"rendered":"Malltezi: Edi Rama grabit 22 ha tok\u00eb t\u00eb tjera n\u00eb Himar\u00eb, SPAK nuk guxon as t\u2019i p\u00ebrmend\u00eb emrin"},"content":{"rendered":"<p>Drejtuesi i Departamentit t\u00eb Mjedisit n\u00eb Partin\u00eb Demokratike, Jamarb\u00ebr Malltezi me an\u00eb t\u00eb nj\u00eb deklarate p\u00ebr mediat, ka akuzuar Edi Ram\u00ebn se \u00ebsht\u00eb duke grabitur \u00e7do tok\u00eb n\u00eb Himar\u00eb.<\/p>\n<p>Malltezi akuzon SPAK se nuk vepron p\u00ebr asnj\u00eb lloj arsye ndaj denoncimeve t\u00eb PD-s\u00eb, kund\u00ebr Edi Ram\u00ebs, pasi sipas tij, \u2018Rama \u00ebsht\u00eb emri q\u00eb nuk duhet p\u00ebrmendur\u2019 n\u00eb Prokurorin\u00eb e Posa\u00e7me.<\/p>\n<p><strong>DEKLARAT\u00cb P\u00cbR MEDIA DREJTUESI I DEPARTAMENTIT T\u00cb MJEDISIT N\u00cb PD, JAMARB\u00cbR MALLTEZI<\/strong><\/p>\n<p>Kryehajduti quhet Edi Rama. Por p\u00ebr SPAK-un, ai \u00ebsht\u00eb si Voldemort-\u201che \u00cbho should not be named\u201d! (ai t\u00eb cilit nuk i duhet p\u00ebrmendur emri).<\/p>\n<p>Epshi i Edi Ram\u00ebs p\u00ebr t\u00eb vjedhur tokat e himarjot\u00ebve nuk ka kufi. Kur i doli nj\u00eb penges\u00eb e quajtur Beleri, e burgosi me d\u00ebshmitar\u00eb t\u00eb rrem\u00eb t\u00eb paguar dhe me dreqt\u00ebsin\u00eb e kapur peng.<\/p>\n<p>Vodhi toka e i ndau me vendime t\u00eb personalizuara qeverie p\u00ebr bandat pla\u00e7kit\u00ebse t\u00eb tij. Fillimisht grabiti toke publike me Xha\u00e7k\u00ebn, dhe ndon\u00ebse Jorgo Goro \u00ebsht\u00eb n\u00eb burg, hoteli i Xha\u00e7k\u00ebs rritet \u00e7do dite dhe vet\u00eb ministres nuk i hyn gjemb n\u00eb k\u00ebmb\u00eb se nuk lejon Voldemorti.<\/p>\n<p>Pa harruar vendimin e personalizuar t\u00eb qeveris\u00eb p\u00ebr gaztorin e tij Paja. Edi Rama vodhi 224,000 m2 toke n\u00eb Vuno-Gjipe pa asnj\u00eb let\u00ebr kadastrale, por p\u00ebrs\u00ebri SPAK nuk guxon as t\u2019i p\u00ebrmend\u00eb emrin hajdutit.<\/p>\n<p>S\u00eb fundmi, Edi Rama ka nxjerr\u00eb nj\u00eb vendim tjet\u00ebr t\u00eb personalizuar: ndryshim destinacioni t\u00eb 22 hektar\u00ebve tok\u00eb q\u00eb ishin pyje dhe kullota dhe grabitje p\u00ebr nd\u00ebrtim hoteli p\u00ebr shoq\u00ebrin\u00eb \u201c\u00cbhite Roads Hotel\u201d me pronarin e t\u00eb cilit, Gjikurin\u00eb e famsh\u00ebm, ndan trastat.<\/p>\n<p>T\u00eb nderuar qytetar\u00eb!<\/p>\n<p>Dh\u00ebnia e 22 mij\u00eb metrave tok\u00eb kullot\u00eb p\u00ebr nd\u00ebrtim \u00ebsht\u00eb vet\u00ebm hapja e siparit t\u00eb skem\u00ebs s\u00eb Edi Ram\u00ebs p\u00ebr Himar\u00ebn. Kjo \u00ebsht\u00eb arsyeja se pse e d\u00ebnoi Belerin sepse donte t\u00eb kishte dor\u00eb t\u00eb lir\u00eb n\u00eb ndarjen e Himar\u00ebs, territorit t\u00eb fundit ende t\u00eb paprekur t\u00eb bregut jonian.<\/p>\n<p>Kjo \u00ebsht\u00eb nj\u00eb \u00e7\u00ebshtje e shkeljes s\u00eb ligjit, \u00ebsht\u00eb nj\u00eb shkelje e mjedisit, por mbi t\u00eb gjitha \u00ebsht\u00eb \u00e7\u00ebshtje korrupsioni dhe vjedhjeje. Investitor\u00ebt q\u00eb Rama i quan strategjik\u00eb jan\u00eb t\u00eb till\u00eb vet\u00ebm p\u00ebr pasurimin e Kryeministrit dhe oborrit t\u00eb tij.<\/p>\n<p>Himara dhe gjith\u00eb Shqip\u00ebria vet\u00ebm zhvaten.<\/p>\n<p>\u00c7do dit\u00eb shqiptar\u00ebt shohin vjedhjet e pacipa t\u00eb Edi Ram\u00ebs dhe band\u00ebs s\u00eb tij dhe \u00e7do dit\u00eb shqiptar\u00ebt ndihen t\u00eb pafuqish\u00ebm dhe largohen nga vendi i tyre. Ndaj \u00e7do dit\u00eb Edi Rama ndihet m\u00eb i fuqish\u00ebm dhe kryen grabitjen e radh\u00ebs.<\/p>\n<p>Nd\u00ebrsa \u201cpala\u00e7ot e f\u00ebmij\u00ebve tan\u00eb\u201d jan\u00eb b\u00ebr\u00eb lecka ku Edi Rama fshin k\u00ebmb\u00ebt. K\u00ebto vendime jan\u00eb n\u00eb dhunim t\u00eb plot\u00eb t\u00eb MSA q\u00eb k\u00ebrkon gar\u00eb t\u00eb hapur n\u00ebse ke nj\u00eb toke e do t\u00eb nd\u00ebrtosh hotel duhet t\u2019a shpallesh me gar\u00eb t\u00eb hapur pasi mund t\u00eb k\u00ebt\u00eb oferta m\u00eb t\u00eb mira (1) p\u00ebr banoret vendas, (2) p\u00ebr nxitjen e ekonomis\u00eb e turizmit, por dhe (3) me miq\u00ebsore p\u00ebr mjedisin.<\/p>\n<p>Pse nuk b\u00ebhet gar\u00eb?<\/p>\n<p>Pse dhunohet MSA?<\/p>\n<p>Thjesht, sulltanit nuk ia ndjen as p\u00ebr banoret, as p\u00ebr MSA e as p\u00ebr ekonomin\u00eb. Ve\u00e7 t\u00eb vjedh\u00eb me bandat e tij qe pastaj ti p\u00ebrdor\u00eb p\u00ebr t\u00eb bler\u00eb vota si\u00e7 e demonstroi ne Shkod\u00ebr. Disa kane zgjedhur ikjen nga ky vend si t\u00eb kish r\u00ebn\u00eb kolera, disa ulin kok\u00ebn e fshihen, nd\u00ebrsa ne, Partia Demokratike, kemi zgjedhur t\u00eb p\u00ebrballemi dhe t\u2019i themi t\u00eb v\u00ebrtetat n\u00eb sy.<\/p>\n<p>T\u00eb p\u00ebrballemi me t\u00eb keqen me \u00e7do \u00e7mim.<\/p>\n<p>Nuk fitojm\u00eb asgj\u00eb, p\u00ebrkundrazi burgosje politike, por \u00ebsht\u00eb detyrim ndaj Shqip\u00ebris\u00eb, \u00ebsht\u00eb betej\u00eb p\u00ebr dinjitetin e kombit.<\/p>\n","protected":false},"excerpt":{"rendered":"<p>Drejtuesi i Departamentit t\u00eb Mjedisit n\u00eb Partin\u00eb Demokratike, Jamarb\u00ebr Malltezi me an\u00eb t\u00eb nj\u00eb deklarate p\u00ebr mediat, ka akuzuar Edi Ram\u00ebn se \u00ebsht\u00eb duke grabitur \u00e7do tok\u00eb n\u00eb Himar\u00eb. Malltezi akuzon SPAK se nuk vepron p\u00ebr asnj\u00eb lloj arsye ndaj denoncimeve t\u00eb PD-s\u00eb, kund\u00ebr Edi Ram\u00ebs, pasi sipas tij, \u2018Rama \u00ebsht\u00eb emri q\u00eb nuk duhet &hellip;<\/p>\n","protected":false},"author":4,"featured_media":91193,"comment_status":"closed","ping_status":"closed","sticky":false,"template":"","format":"standard","meta":{"footnotes":""},"categories":[37],"tags":[],"class_list":["post-91192","post","type-post","status-publish","format-standard","has-post-thumbnail","","category-politike"],"_links":{"self":[{"href":"https:\/\/rdnews.al\/index.php\/wp-json\/wp\/v2\/posts\/91192","targetHints":{"allow":["GET"]}}],"collection":[{"href":"https:\/\/rdnews.al\/index.php\/wp-json\/wp\/v2\/posts"}],"about":[{"href":"https:\/\/rdnews.al\/index.php\/wp-json\/wp\/v2\/types\/post"}],"author":[{"embeddable":true,"href":"https:\/\/rdnews.al\/index.php\/wp-json\/wp\/v2\/users\/4"}],"replies":[{"embeddable":true,"href":"https:\/\/rdnews.al\/index.php\/wp-json\/wp\/v2\/comments?post=91192"}],"version-history":[{"count":1,"href":"https:\/\/rdnews.al\/index.php\/wp-json\/wp\/v2\/posts\/91192\/revisions"}],"predecessor-version":[{"id":91194,"href":"https:\/\/rdnews.al\/index.php\/wp-json\/wp\/v2\/posts\/91192\/revisions\/91194"}],"wp:featuredmedia":[{"embeddable":true,"href":"https:\/\/rdnews.al\/index.php\/wp-json\/wp\/v2\/media\/91193"}],"wp:attachment":[{"href":"https:\/\/rdnews.al\/index.php\/wp-json\/wp\/v2\/media?parent=91192"}],"wp:term":[{"taxonomy":"category","embeddable":true,"href":"https:\/\/rdnews.al\/index.php\/wp-json\/wp\/v2\/categories?post=91192"},{"taxonomy":"post_tag","embeddable":true,"href":"https:\/\/rdnews.al\/index.php\/wp-json\/wp\/v2\/tags?post=91192"}],"curies":[{"name":"wp","href":"https:\/\/api.w.org\/{rel}","templated":true}]}}