{"id":91200,"date":"2024-10-11T16:56:54","date_gmt":"2024-10-11T16:56:54","guid":{"rendered":"https:\/\/rdnews.al\/?p=91200"},"modified":"2024-10-11T16:56:54","modified_gmt":"2024-10-11T16:56:54","slug":"vizita-e-erdogan-meta-sduhet-nderhyre-ne-punet-e-brendshme","status":"publish","type":"post","link":"https:\/\/rdnews.al\/index.php\/2024\/10\/11\/vizita-e-erdogan-meta-sduhet-nderhyre-ne-punet-e-brendshme\/","title":{"rendered":"Vizita e Erdogan\/ Meta: S\u2019duhet nd\u00ebrhyr\u00eb n\u00eb pun\u00ebt e brendshme!"},"content":{"rendered":"<p>Presidenti i Partis\u00eb s\u00eb Liris\u00eb, Ilir Meta ka komentuar vizit\u00ebn e presidentit turk, Rexhep Taip Erdogan, dit\u00ebn e djeshme n\u00eb Tiran\u00eb. Meta tha se marr\u00ebdh\u00ebnies mes dy vendeve jan\u00eb t\u00eb r\u00ebnd\u00ebsishme. Sipas tij marr\u00ebdh\u00ebnia duhet t\u00eb bazohet n\u00eb respektin reciprok dhe mosnd\u00ebrhyrjes n\u00eb pun\u00ebt e brendshme.<\/p>\n<p>\u201cMarr\u00ebdh\u00ebnie e Shqip\u00ebris\u00eb me Turqin\u00eb jan\u00eb shum\u00eb t\u00eb r\u00ebnd\u00ebsishme, duhet respektuar tradita historike mes dy vendeve, t\u00eb bazohet n\u00eb respektin reciprok dhe mosnd\u00ebrhyrjes n\u00eb pun\u00ebt e brendshme\u201d, tha Meta.<\/p>\n<p>Gjithashtu Meta komentoi edhe marrjen t\u00eb pandehur nga SPAK t\u00eb ish-deputetit Jurgis \u00c7yrbja, nj\u00eb dit\u00eb pasi hoqi dor\u00eb nga mandati.<\/p>\n<p>\u201cDuke qen\u00eb se Rama komandon l\u00ebvizjet e SPAK dhe SPAK raporton te Rama p\u00ebr personat q\u00eb duhet t\u00eb digjen, sepse ka z\u00ebvend\u00ebsuesa t\u00eb k\u00ebtij niveli plot n\u00eb terren ndodhin k\u00ebto lloj kombinimi. Ajo q\u00eb meriton koment \u00ebsht\u00eb \u00e7\u00ebshtja e kryetarit t\u00eb bashkis\u00eb s\u00eb Ku\u00e7ov\u00ebs q\u00eb duhet ti ishte nd\u00ebrprer\u00eb mandati q\u00eb para zgjedhjeve, por kjo gj\u00eb nuk ndodhi. \u00cbsht\u00eb interesante fakti q\u00eb nj\u00eb deputet si Salianji \u00ebsht\u00eb d\u00ebnuar me burg, nd\u00ebrsa ky tjetri me sh\u00ebrbim prove\u201d, tha Meta.<\/p>\n","protected":false},"excerpt":{"rendered":"<p>Presidenti i Partis\u00eb s\u00eb Liris\u00eb, Ilir Meta ka komentuar vizit\u00ebn e presidentit turk, Rexhep Taip Erdogan, dit\u00ebn e djeshme n\u00eb Tiran\u00eb. Meta tha se marr\u00ebdh\u00ebnies mes dy vendeve jan\u00eb t\u00eb r\u00ebnd\u00ebsishme. Sipas tij marr\u00ebdh\u00ebnia duhet t\u00eb bazohet n\u00eb respektin reciprok dhe mosnd\u00ebrhyrjes n\u00eb pun\u00ebt e brendshme. \u201cMarr\u00ebdh\u00ebnie e Shqip\u00ebris\u00eb me Turqin\u00eb jan\u00eb shum\u00eb t\u00eb r\u00ebnd\u00ebsishme, &hellip;<\/p>\n","protected":false},"author":4,"featured_media":91201,"comment_status":"closed","ping_status":"closed","sticky":false,"template":"","format":"standard","meta":{"footnotes":""},"categories":[37],"tags":[],"class_list":["post-91200","post","type-post","status-publish","format-standard","has-post-thumbnail","","category-politike"],"_links":{"self":[{"href":"https:\/\/rdnews.al\/index.php\/wp-json\/wp\/v2\/posts\/91200","targetHints":{"allow":["GET"]}}],"collection":[{"href":"https:\/\/rdnews.al\/index.php\/wp-json\/wp\/v2\/posts"}],"about":[{"href":"https:\/\/rdnews.al\/index.php\/wp-json\/wp\/v2\/types\/post"}],"author":[{"embeddable":true,"href":"https:\/\/rdnews.al\/index.php\/wp-json\/wp\/v2\/users\/4"}],"replies":[{"embeddable":true,"href":"https:\/\/rdnews.al\/index.php\/wp-json\/wp\/v2\/comments?post=91200"}],"version-history":[{"count":1,"href":"https:\/\/rdnews.al\/index.php\/wp-json\/wp\/v2\/posts\/91200\/revisions"}],"predecessor-version":[{"id":91202,"href":"https:\/\/rdnews.al\/index.php\/wp-json\/wp\/v2\/posts\/91200\/revisions\/91202"}],"wp:featuredmedia":[{"embeddable":true,"href":"https:\/\/rdnews.al\/index.php\/wp-json\/wp\/v2\/media\/91201"}],"wp:attachment":[{"href":"https:\/\/rdnews.al\/index.php\/wp-json\/wp\/v2\/media?parent=91200"}],"wp:term":[{"taxonomy":"category","embeddable":true,"href":"https:\/\/rdnews.al\/index.php\/wp-json\/wp\/v2\/categories?post=91200"},{"taxonomy":"post_tag","embeddable":true,"href":"https:\/\/rdnews.al\/index.php\/wp-json\/wp\/v2\/tags?post=91200"}],"curies":[{"name":"wp","href":"https:\/\/api.w.org\/{rel}","templated":true}]}}