{"id":9132,"date":"2022-04-11T10:20:56","date_gmt":"2022-04-11T10:20:56","guid":{"rendered":"https:\/\/rdnews.al\/?p=9132"},"modified":"2022-04-11T10:20:56","modified_gmt":"2022-04-11T10:20:56","slug":"arrestohet-kreu-i-ish-te-perndjekurve-ne-mirdite-pse-protestoi-kunder-rritjes-se-cmimeve","status":"publish","type":"post","link":"https:\/\/rdnews.al\/index.php\/2022\/04\/11\/arrestohet-kreu-i-ish-te-perndjekurve-ne-mirdite-pse-protestoi-kunder-rritjes-se-cmimeve\/","title":{"rendered":"Arrestohet kreu i ish-t\u00eb P\u00ebrndjekurve n\u00eb Mirdit\u00eb pse protestoi kund\u00ebr rritjes s\u00eb \u00e7mimeve"},"content":{"rendered":"<p>Ndalohet n\u00eb pik\u00ebn kufitare t\u00eb Hanit t\u00eb Hotit, kryetari i ish-t\u00eb P\u00ebrndjekurve Politik t\u00eb Mirdit\u00ebs, Kol Nikolli.<\/p>\n<p>Ai po kalonte kufirin p\u00ebr t\u00eb shkuar drejt Italis\u00eb p\u00ebrmes aeroportit t\u00eb Potgoric\u00ebs dhe i \u00ebsht\u00eb komunikuar urdh\u00ebr arresti, l\u00ebshuar n\u00eb lidhje me protest\u00ebn e zhvilluar n\u00eb muajin mars p\u00ebr \u00e7mimet ku u bllokua Rruga e Kombit n\u00eb hyrje t\u00eb Rreshenit.<\/p>\n","protected":false},"excerpt":{"rendered":"<p>Ndalohet n\u00eb pik\u00ebn kufitare t\u00eb Hanit t\u00eb Hotit, kryetari i ish-t\u00eb P\u00ebrndjekurve Politik t\u00eb Mirdit\u00ebs, Kol Nikolli. Ai po kalonte kufirin p\u00ebr t\u00eb shkuar drejt Italis\u00eb p\u00ebrmes aeroportit t\u00eb Potgoric\u00ebs dhe i \u00ebsht\u00eb komunikuar urdh\u00ebr arresti, l\u00ebshuar n\u00eb lidhje me protest\u00ebn e zhvilluar n\u00eb muajin mars p\u00ebr \u00e7mimet ku u bllokua Rruga e Kombit n\u00eb &hellip;<\/p>\n","protected":false},"author":4,"featured_media":9133,"comment_status":"open","ping_status":"open","sticky":false,"template":"","format":"standard","meta":{"footnotes":""},"categories":[40],"tags":[],"class_list":["post-9132","post","type-post","status-publish","format-standard","has-post-thumbnail","","category-aktualitet"],"_links":{"self":[{"href":"https:\/\/rdnews.al\/index.php\/wp-json\/wp\/v2\/posts\/9132","targetHints":{"allow":["GET"]}}],"collection":[{"href":"https:\/\/rdnews.al\/index.php\/wp-json\/wp\/v2\/posts"}],"about":[{"href":"https:\/\/rdnews.al\/index.php\/wp-json\/wp\/v2\/types\/post"}],"author":[{"embeddable":true,"href":"https:\/\/rdnews.al\/index.php\/wp-json\/wp\/v2\/users\/4"}],"replies":[{"embeddable":true,"href":"https:\/\/rdnews.al\/index.php\/wp-json\/wp\/v2\/comments?post=9132"}],"version-history":[{"count":0,"href":"https:\/\/rdnews.al\/index.php\/wp-json\/wp\/v2\/posts\/9132\/revisions"}],"wp:featuredmedia":[{"embeddable":true,"href":"https:\/\/rdnews.al\/index.php\/wp-json\/wp\/v2\/media\/9133"}],"wp:attachment":[{"href":"https:\/\/rdnews.al\/index.php\/wp-json\/wp\/v2\/media?parent=9132"}],"wp:term":[{"taxonomy":"category","embeddable":true,"href":"https:\/\/rdnews.al\/index.php\/wp-json\/wp\/v2\/categories?post=9132"},{"taxonomy":"post_tag","embeddable":true,"href":"https:\/\/rdnews.al\/index.php\/wp-json\/wp\/v2\/tags?post=9132"}],"curies":[{"name":"wp","href":"https:\/\/api.w.org\/{rel}","templated":true}]}}