{"id":91325,"date":"2024-10-12T20:00:18","date_gmt":"2024-10-12T20:00:18","guid":{"rendered":"https:\/\/rdnews.al\/?p=91325"},"modified":"2024-10-12T20:00:18","modified_gmt":"2024-10-12T20:00:18","slug":"erdogan-deklaron-nga-beogradi-se-do-te-armatose-serbine","status":"publish","type":"post","link":"https:\/\/rdnews.al\/index.php\/2024\/10\/12\/erdogan-deklaron-nga-beogradi-se-do-te-armatose-serbine\/","title":{"rendered":"Erdogan deklaron nga Beogradi se do t\u00eb armatos\u00eb Serbin\u00eb"},"content":{"rendered":"<p>Delegacionet e t\u00eb dyja shteteve firmos\u00ebn gjithsej 11 marr\u00ebveshje me synimin q\u00eb v\u00ebllimi tregtar t\u00eb shkoi nga 2 miliard\u00eb dollar\u00eb n\u00eb 5 miliard\u00eb.<\/p>\n<p>\u201cNe, si Turqi dhe Serbi, dor\u00eb p\u00ebr dore duhet t\u00eb b\u00ebjm\u00eb nj\u00eb hap t\u00eb ri. Ky hap \u00ebsht\u00eb krijimi i nj\u00eb industrie t\u00eb mbrojtjes bazuar n\u00eb ruajtjen e paqes. Ne bashkuam duart n\u00eb takimin ton\u00eb dypal\u00ebsh dhe caktuam miqt\u00eb tan\u00eb p\u00ebr k\u00ebt\u00eb q\u00ebllim. Tani edhe miqt\u00eb do ta b\u00ebjn\u00eb k\u00ebt\u00eb pun\u00eb. Askush nuk duhet t\u00eb p\u00ebrpiqet t\u00eb diktoj\u00eb se \u00e7far\u00eb duhet t\u00eb p\u00ebrfshij\u00eb p\u00ebrmbajtja e industris\u00eb s\u00eb mbrojtjes s\u00eb Turqis\u00eb dhe Serbis\u00eb p\u00ebrve\u00e7 nesh\u201d, tha presidenti turk.<\/p>\n<div class=\"teads-adCall\">Presidenti turk u b\u00eb m\u00eb konkret duke sakt\u00ebsuar se b\u00ebhet fjal\u00eb p\u00ebr prodhimin e dron\u00ebve pa pilot\u00eb, q\u00eb gjer\u00ebsisht njihen si Bajraktar. Erdogan nuk sakt\u00ebsoi n\u00ebse k\u00ebta lloje dron\u00ebsh, t\u00eb cil\u00ebt i posedojn\u00eb si Shqip\u00ebria, ashtu edhe Kosova, do t\u00eb prodhohen n\u00eb Serbi. Vu\u00e7i\u00e7 nga ana tjet\u00ebr shfryt\u00ebzoi rastin q\u00eb t\u00eb shpreh\u00eb shqet\u00ebsimet p\u00ebr Kosov\u00ebn, p\u00ebrball\u00eb \u201cmikut\u201d t\u00eb tij nga Turqia, shtet t\u00eb cilin e konsideroi si lojtarin m\u00eb t\u00eb madh dhe t\u00eb fuqish\u00ebm n\u00eb Ballkan.<\/div>\n<p>\u201cNe n\u00ebnvizuam edhe nj\u00eb her\u00eb r\u00ebnd\u00ebsin\u00eb e paqes dhe stabilitetit n\u00eb Ballkan. N\u00eb k\u00ebt\u00eb kontekst, \u00ebsht\u00eb e qart\u00eb se \u00ebsht\u00eb e r\u00ebnd\u00ebsishme t\u2019i qasemi tensioneve t\u00eb fundit nd\u00ebrmjet Serbis\u00eb dhe Kosov\u00ebs me sens t\u00eb sh\u00ebndosh\u00eb. Konfirmuam gjithashtu vendosm\u00ebrin\u00eb e vendeve tona p\u00ebr ruajtjen e stabilitetit n\u00eb Bosnje dhe Hercegovin\u00eb. Me k\u00ebt\u00eb rast, theksova r\u00ebnd\u00ebsin\u00eb e qasjes konstruktive t\u00eb Serbis\u00eb p\u00ebr t\u00eb l\u00ebn\u00eb pas brisht\u00ebsin\u00eb politike t\u00eb Bosnj\u00eb dhe Hercegovin\u00ebs sa m\u00eb shpejt t\u00eb jet\u00eb e mundur\u201d, u shpreh lideri turk.<\/p>\n<p>Erdogan dhe Vu\u00e7i\u00e7 mor\u00ebn pjes\u00eb edhe n\u00eb forumin e biznesit Serbi-Turqi t\u00eb zhvilluar n\u00eb Beograd.<\/p>\n","protected":false},"excerpt":{"rendered":"<p>Delegacionet e t\u00eb dyja shteteve firmos\u00ebn gjithsej 11 marr\u00ebveshje me synimin q\u00eb v\u00ebllimi tregtar t\u00eb shkoi nga 2 miliard\u00eb dollar\u00eb n\u00eb 5 miliard\u00eb. \u201cNe, si Turqi dhe Serbi, dor\u00eb p\u00ebr dore duhet t\u00eb b\u00ebjm\u00eb nj\u00eb hap t\u00eb ri. Ky hap \u00ebsht\u00eb krijimi i nj\u00eb industrie t\u00eb mbrojtjes bazuar n\u00eb ruajtjen e paqes. Ne bashkuam duart &hellip;<\/p>\n","protected":false},"author":3,"featured_media":91326,"comment_status":"closed","ping_status":"closed","sticky":false,"template":"","format":"standard","meta":{"footnotes":""},"categories":[38],"tags":[],"class_list":["post-91325","post","type-post","status-publish","format-standard","has-post-thumbnail","","category-bota"],"_links":{"self":[{"href":"https:\/\/rdnews.al\/index.php\/wp-json\/wp\/v2\/posts\/91325","targetHints":{"allow":["GET"]}}],"collection":[{"href":"https:\/\/rdnews.al\/index.php\/wp-json\/wp\/v2\/posts"}],"about":[{"href":"https:\/\/rdnews.al\/index.php\/wp-json\/wp\/v2\/types\/post"}],"author":[{"embeddable":true,"href":"https:\/\/rdnews.al\/index.php\/wp-json\/wp\/v2\/users\/3"}],"replies":[{"embeddable":true,"href":"https:\/\/rdnews.al\/index.php\/wp-json\/wp\/v2\/comments?post=91325"}],"version-history":[{"count":1,"href":"https:\/\/rdnews.al\/index.php\/wp-json\/wp\/v2\/posts\/91325\/revisions"}],"predecessor-version":[{"id":91327,"href":"https:\/\/rdnews.al\/index.php\/wp-json\/wp\/v2\/posts\/91325\/revisions\/91327"}],"wp:featuredmedia":[{"embeddable":true,"href":"https:\/\/rdnews.al\/index.php\/wp-json\/wp\/v2\/media\/91326"}],"wp:attachment":[{"href":"https:\/\/rdnews.al\/index.php\/wp-json\/wp\/v2\/media?parent=91325"}],"wp:term":[{"taxonomy":"category","embeddable":true,"href":"https:\/\/rdnews.al\/index.php\/wp-json\/wp\/v2\/categories?post=91325"},{"taxonomy":"post_tag","embeddable":true,"href":"https:\/\/rdnews.al\/index.php\/wp-json\/wp\/v2\/tags?post=91325"}],"curies":[{"name":"wp","href":"https:\/\/api.w.org\/{rel}","templated":true}]}}