{"id":91400,"date":"2024-10-14T16:29:51","date_gmt":"2024-10-14T16:29:51","guid":{"rendered":"https:\/\/rdnews.al\/?p=91400"},"modified":"2024-10-14T16:29:51","modified_gmt":"2024-10-14T16:29:51","slug":"shen-naumi-malltezi-nuk-duhet-te-hahen-genjeshtrat-per-te-verteta","status":"publish","type":"post","link":"https:\/\/rdnews.al\/index.php\/2024\/10\/14\/shen-naumi-malltezi-nuk-duhet-te-hahen-genjeshtrat-per-te-verteta\/","title":{"rendered":"\u201cSh\u00ebn Naumi\u201d\/ Malltezi: Nuk duhet t\u00eb hahen g\u00ebnjeshtrat p\u00ebr t\u00eb v\u00ebrteta\u2026"},"content":{"rendered":"<div>Jamarb\u00ebr Malltezi ka shpjeguar n\u00eb nj\u00eb postim n\u00eb Facebook t\u00eb vertet\u00ebn e \u201cFaljes\u201d s\u00eb Sh\u00ebn Naumit nga Ahmet Zogu. Ai duke ju referuar fakteve tregon t\u00eb v\u00ebrtet\u00ebn e negocimit t\u00eb nj\u00eb marr\u00ebveshja q\u00eb u miratuar nga Konferenca e Paqes n\u00eb Paris.<\/div>\n<div class=\"readmore-text-here\">\n<p>\u201cMendimi kritik dhe hulumtimi t\u00eb \u00e7ojn\u00eb tek e v\u00ebrteta, natyrisht p\u00ebr ata q\u00eb duan t\u00eb din\u00eb t\u00eb v\u00ebrtet\u00ebn\u201d. \u201cKush pranon \u00e7far\u00eb i thon\u00eb t\u00eb tjer\u00ebt pa v\u00ebne n\u00eb pun\u00eb mendjen e tij vijon ha g\u00ebnjeshtrat p\u00ebr t\u00eb v\u00ebrteta\u201d, shkruan Malltezi.<\/p>\n<p><strong>Postimi ne Facebook <\/strong><\/p>\n<p><img loading=\"lazy\" decoding=\"async\" src=\"https:\/\/ads1.medium.al\/www\/delivery\/lg.php?bannerid=0&amp;campaignid=0&amp;zoneid=232&amp;loc=https%3A%2F%2Fwww.syri.net%2Fpolitike%2F730883%2Fshen-naumi-malltezi-nuk-e-fali-zogu-por-u-negociua-nga-patriote-nuk-duhet-te-hahen-genjeshtrat-per-te-verteta%2F&amp;referer=https%3A%2F%2Fwww.syri.net%2Flajme%2F&amp;cb=2c6752b2b7\" alt=\"\" width=\"0\" height=\"0\" \/>Genjeshtra komuniste: N\u00eb historin\u00eb n\u00eb shkoll\u00eb deri von\u00eb shkruhej se Zogu i fali Jugosllavis\u00eb Sh\u00ebn Naumin. POR njer\u00ebzit mendjehapur q\u00eb lexojn\u00eb e nuk pranojn\u00eb tua thon\u00eb t\u00eb tjer\u00ebt (psh. t\u00eb huajt e korruptuar se Zogu duhet shpall armik se nuk e mb\u00ebshteti Anglia n\u00eb luft\u00eb), kuptojn\u00eb se realiteti qenka ndryshe. Kujtimet e Mehdi Frasherit (vitet 1913-1933 &#8211; OMSCA-1), nj\u00eb patriot i madh q\u00eb paska qen\u00eb n\u00eb Komisionin Nd\u00ebrkomb\u00ebtar p\u00ebr caktimin e Kufijve Shqiptar\u00eb (1923-1925) tregon ngjarjen me v\u00ebrtet\u00ebsi e pa indoktrinim:<\/p>\n<p>&#8211; Jugosllavia b\u00ebnte presion ne Lidhjen e Kombeve<\/p>\n<p>&#8211; Komisioni i Kufijve k\u00ebshillonte t\u00eb b\u00ebhej marr\u00ebveshje<\/p>\n<p>&#8211; Shqiptar\u00ebt b\u00ebn\u00eb negociata fillimisht p\u00ebr zgjerime n\u00eb zon\u00ebn e Dibr\u00ebs por nuk ju pranuan<\/p>\n<p>&#8211; kompromisi doli p\u00ebr marrjen e 3 fshatrave dhe shtyrjen me 13 km te vijes se kufirit n\u00eb perfitim t\u00eb Shqip\u00ebris\u00eb se vija e kufirit fillimisht ishte caktuar ngjit me rrug\u00ebn nacionale Pogradec-Kor\u00e7\u00eb<\/p>\n<p>&#8211; Ahmet Zogu u njoftua nga Mehdi Frasheri p\u00ebr k\u00ebt\u00eb gj\u00eb dhe k\u00ebrkoi q\u00eb t\u00eb flasin me Ministrat e tjer\u00eb e m\u00eb pas ta \u00e7ojn\u00eb n\u00eb Parlament<\/p>\n<p>&#8211; Myfit Bej Libohova nuk e dinte ku binin ato troje ndaj i kerkoi Mehdi Frasherit ta paraqiste dhe ta mbronte marr\u00ebveshjen n\u00eb Parlament<\/p>\n<p>&#8211; Parlamenti votoi dhe e miratoi ndaj Ministria e Jashtme ia p\u00ebrcolli Legat\u00ebs shqiptare n\u00eb Paris p\u00ebr ta sh\u00ebnuar n\u00eb protokollin final t\u00eb kufijve q\u00eb do redaktohej n\u00eb seksionin e shtatmadhoris\u00eb s\u00eb konferenc\u00ebs s\u00eb Paqes.<\/p>\n<p>Mehdi Frasheri pra si d\u00ebshmitar dhe patriot tregon me v\u00ebrtet\u00ebsi situat\u00ebn dhe thot\u00eb q\u00eb fituam pasi u humb nj\u00eb ve\u00e7 m\u00eb pak se 1km2 por u fitua qoft\u00eb n\u00eb fshatra e qoft\u00eb n\u00eb sip\u00ebrfaqe shum\u00ebfish pasi u shty me 13km me n\u00eb lindje kufiri.<\/p>\n<p>Mund t\u00eb ket\u00eb diskutime lidhur me cil\u00ebsin\u00eb e territorit t\u00eb shk\u00ebmbyer n\u00ebse doli me fitim apo jo, por thelbi \u00ebsht\u00eb q\u00eb nuk paska pasur falje nga Zogu, por negociata nga patriot\u00eb t\u00eb tjer\u00eb dhe se n\u00eb sip\u00ebrfaqe qartazi qenka shum\u00ebfish.<\/p>\n<p>Mendimi kritik dhe hulumtimi t\u00eb \u00e7ojn\u00eb tek e verteta, natyrisht p\u00ebr ata q\u00eb duan t\u00eb din\u00eb t\u00eb v\u00ebrtet\u00ebn. Kush pranon \u00e7far\u00eb i thon\u00eb t\u00eb tjer\u00ebt pa v\u00ebne n\u00eb pun\u00eb mendjen e tij vijon ha g\u00ebnjeshtrat p\u00ebr t\u00eb v\u00ebrteta.<\/p>\n<p><iframe loading=\"lazy\" src=\"https:\/\/www.facebook.com\/plugins\/post.php?href=https%3A%2F%2Fwww.facebook.com%2Fabi.malltezi%2Fposts%2Fpfbid02k6iSLxMGuuGDpdwa4kxJ53pt5FDusthb2eCazvL3pWvRFQPTTG3Q1nSVdMG9AK9Ll&amp;show_text=true&amp;width=500\" width=\"500\" height=\"512\" frameborder=\"0\" scrolling=\"no\" allowfullscreen=\"allowfullscreen\" data-mce-fragment=\"1\"><\/iframe><\/p>\n<\/div>\n<div id=\"rekl-33\"><\/div>\n","protected":false},"excerpt":{"rendered":"<p>Jamarb\u00ebr Malltezi ka shpjeguar n\u00eb nj\u00eb postim n\u00eb Facebook t\u00eb vertet\u00ebn e \u201cFaljes\u201d s\u00eb Sh\u00ebn Naumit nga Ahmet Zogu. Ai duke ju referuar fakteve tregon t\u00eb v\u00ebrtet\u00ebn e negocimit t\u00eb nj\u00eb marr\u00ebveshja q\u00eb u miratuar nga Konferenca e Paqes n\u00eb Paris. \u201cMendimi kritik dhe hulumtimi t\u00eb \u00e7ojn\u00eb tek e v\u00ebrteta, natyrisht p\u00ebr ata q\u00eb duan &hellip;<\/p>\n","protected":false},"author":4,"featured_media":38617,"comment_status":"closed","ping_status":"closed","sticky":false,"template":"","format":"standard","meta":{"footnotes":""},"categories":[37],"tags":[],"class_list":["post-91400","post","type-post","status-publish","format-standard","has-post-thumbnail","","category-politike"],"_links":{"self":[{"href":"https:\/\/rdnews.al\/index.php\/wp-json\/wp\/v2\/posts\/91400","targetHints":{"allow":["GET"]}}],"collection":[{"href":"https:\/\/rdnews.al\/index.php\/wp-json\/wp\/v2\/posts"}],"about":[{"href":"https:\/\/rdnews.al\/index.php\/wp-json\/wp\/v2\/types\/post"}],"author":[{"embeddable":true,"href":"https:\/\/rdnews.al\/index.php\/wp-json\/wp\/v2\/users\/4"}],"replies":[{"embeddable":true,"href":"https:\/\/rdnews.al\/index.php\/wp-json\/wp\/v2\/comments?post=91400"}],"version-history":[{"count":1,"href":"https:\/\/rdnews.al\/index.php\/wp-json\/wp\/v2\/posts\/91400\/revisions"}],"predecessor-version":[{"id":91401,"href":"https:\/\/rdnews.al\/index.php\/wp-json\/wp\/v2\/posts\/91400\/revisions\/91401"}],"wp:featuredmedia":[{"embeddable":true,"href":"https:\/\/rdnews.al\/index.php\/wp-json\/wp\/v2\/media\/38617"}],"wp:attachment":[{"href":"https:\/\/rdnews.al\/index.php\/wp-json\/wp\/v2\/media?parent=91400"}],"wp:term":[{"taxonomy":"category","embeddable":true,"href":"https:\/\/rdnews.al\/index.php\/wp-json\/wp\/v2\/categories?post=91400"},{"taxonomy":"post_tag","embeddable":true,"href":"https:\/\/rdnews.al\/index.php\/wp-json\/wp\/v2\/tags?post=91400"}],"curies":[{"name":"wp","href":"https:\/\/api.w.org\/{rel}","templated":true}]}}