{"id":91402,"date":"2024-10-14T16:32:54","date_gmt":"2024-10-14T16:32:54","guid":{"rendered":"https:\/\/rdnews.al\/?p=91402"},"modified":"2024-10-14T16:32:54","modified_gmt":"2024-10-14T16:32:54","slug":"alarm-per-bombe-prane-kryesise-se-kuvendit","status":"publish","type":"post","link":"https:\/\/rdnews.al\/index.php\/2024\/10\/14\/alarm-per-bombe-prane-kryesise-se-kuvendit\/","title":{"rendered":"Alarm p\u00ebr bomb\u00eb pran\u00eb Kryesis\u00eb s\u00eb Kuvendit"},"content":{"rendered":"<p>Nj\u00eb alarm p\u00ebr bomb\u00eb ka alarmuar policin\u00eb ne Tiran\u00eb.<\/p>\n<div class=\"jeg_ad jeg_ad_article jnews_content_inline_ads  \">\n<div class=\"ads-wrapper align-center \">\n<div class=\"ads_code\">U b\u00eb me dije se n\u00eb polici ka mb\u00ebrritur nj\u00eb telefonat\u00eb ku \u00ebsht\u00eb ngritur alarmi p\u00ebr bomb\u00eb n\u00eb rrug\u00ebn \u2018Ukraina e Lir\u00eb\u2019 n\u00eb Tiran\u00eb, pran\u00eb Kryesis\u00eb s\u00eb Kuvendit.<\/div>\n<\/div>\n<\/div>\n<p>Si\u00e7 shihet nga fotoja e sigurua nga Boldnews.al, forca t\u00eb shumta policia gjenden n\u00eb zon\u00ebn n\u00eb fjal\u00eb.<\/p>\n<p><img loading=\"lazy\" decoding=\"async\" class=\"alignnone size-medium wp-image-1453693\" src=\"https:\/\/boldnews.al\/wp-content\/uploads\/2024\/10\/bdc39edf-9635-4ef0-a994-97123c642e66-640x867.jpg\" sizes=\"auto, (max-width: 640px) 100vw, 640px\" srcset=\"https:\/\/boldnews.al\/wp-content\/uploads\/2024\/10\/bdc39edf-9635-4ef0-a994-97123c642e66-640x867.jpg 640w, https:\/\/boldnews.al\/wp-content\/uploads\/2024\/10\/bdc39edf-9635-4ef0-a994-97123c642e66.jpg 746w\" alt=\"\" width=\"640\" height=\"867\" data-pin-no-hover=\"true\" \/><\/p>\n<p>Akoma nuk ka nj\u00eb njoftim nga policia p\u00ebr k\u00ebt\u00eb rast.<\/p>\n","protected":false},"excerpt":{"rendered":"<p>Nj\u00eb alarm p\u00ebr bomb\u00eb ka alarmuar policin\u00eb ne Tiran\u00eb. U b\u00eb me dije se n\u00eb polici ka mb\u00ebrritur nj\u00eb telefonat\u00eb ku \u00ebsht\u00eb ngritur alarmi p\u00ebr bomb\u00eb n\u00eb rrug\u00ebn \u2018Ukraina e Lir\u00eb\u2019 n\u00eb Tiran\u00eb, pran\u00eb Kryesis\u00eb s\u00eb Kuvendit. Si\u00e7 shihet nga fotoja e sigurua nga Boldnews.al, forca t\u00eb shumta policia gjenden n\u00eb zon\u00ebn n\u00eb fjal\u00eb. Akoma &hellip;<\/p>\n","protected":false},"author":4,"featured_media":91403,"comment_status":"closed","ping_status":"closed","sticky":false,"template":"","format":"standard","meta":{"footnotes":""},"categories":[37],"tags":[],"class_list":["post-91402","post","type-post","status-publish","format-standard","has-post-thumbnail","","category-politike"],"_links":{"self":[{"href":"https:\/\/rdnews.al\/index.php\/wp-json\/wp\/v2\/posts\/91402","targetHints":{"allow":["GET"]}}],"collection":[{"href":"https:\/\/rdnews.al\/index.php\/wp-json\/wp\/v2\/posts"}],"about":[{"href":"https:\/\/rdnews.al\/index.php\/wp-json\/wp\/v2\/types\/post"}],"author":[{"embeddable":true,"href":"https:\/\/rdnews.al\/index.php\/wp-json\/wp\/v2\/users\/4"}],"replies":[{"embeddable":true,"href":"https:\/\/rdnews.al\/index.php\/wp-json\/wp\/v2\/comments?post=91402"}],"version-history":[{"count":1,"href":"https:\/\/rdnews.al\/index.php\/wp-json\/wp\/v2\/posts\/91402\/revisions"}],"predecessor-version":[{"id":91404,"href":"https:\/\/rdnews.al\/index.php\/wp-json\/wp\/v2\/posts\/91402\/revisions\/91404"}],"wp:featuredmedia":[{"embeddable":true,"href":"https:\/\/rdnews.al\/index.php\/wp-json\/wp\/v2\/media\/91403"}],"wp:attachment":[{"href":"https:\/\/rdnews.al\/index.php\/wp-json\/wp\/v2\/media?parent=91402"}],"wp:term":[{"taxonomy":"category","embeddable":true,"href":"https:\/\/rdnews.al\/index.php\/wp-json\/wp\/v2\/categories?post=91402"},{"taxonomy":"post_tag","embeddable":true,"href":"https:\/\/rdnews.al\/index.php\/wp-json\/wp\/v2\/tags?post=91402"}],"curies":[{"name":"wp","href":"https:\/\/api.w.org\/{rel}","templated":true}]}}