{"id":91405,"date":"2024-10-14T16:37:58","date_gmt":"2024-10-14T16:37:58","guid":{"rendered":"https:\/\/rdnews.al\/?p=91405"},"modified":"2024-10-14T16:37:58","modified_gmt":"2024-10-14T16:37:58","slug":"tre-deputetet-e-pd-takojne-salianjin-ne-burg-sakrifica-e-tij-akt-i-forte-rezistence","status":"publish","type":"post","link":"https:\/\/rdnews.al\/index.php\/2024\/10\/14\/tre-deputetet-e-pd-takojne-salianjin-ne-burg-sakrifica-e-tij-akt-i-forte-rezistence\/","title":{"rendered":"Tre deputet\u00ebt e PD takojn\u00eb Salianjin n\u00eb burg: Sakrifica e tij, akt i fort\u00eb rezistence!"},"content":{"rendered":"<p>Deputeti i PD, Ervin Salianji \u00ebsht\u00eb vizituar gjat\u00eb dit\u00ebs s\u00eb sotme n\u00eb burgun e Fierit, nga tre ligjv\u00ebn\u00ebsit demokrat Zheni Gjergji, Dhurata \u00c7upi dhe Saimir Korreshi.<\/p>\n<p>Ishte deputetja Zheni Gjergji, e cila p\u00ebrmes nj\u00eb postimi n\u00eb Facebook, q\u00eb shkruan se pavar\u00ebsisht se situata e Salinjit nuk \u00ebsht\u00eb e leht\u00eb, ai iu ka dh\u00ebn\u00eb shum\u00eb pozitivitet dhe optimiz\u00ebm gjat\u00eb bised\u00ebs q\u00eb kan\u00eb pasur.<\/p>\n<p>\u201cKam mbetur e befasuar nga optimizmi dhe forca q\u00eb kam konstatuar tek Ervini p\u00ebrgjat\u00eb gjith\u00eb asaj bisede q\u00eb kemi zhvilluar. Nuk \u00ebsht\u00eb e leht\u00eb p\u00ebr nj\u00eb djal\u00eb t\u00eb ri, t\u00eb shkolluar, ambicioz, p\u00ebr nj\u00eb politikan t\u00eb ri, ta gjej veten n\u00eb ato rrethana izolimi, por Ervini na dha shum\u00eb pozitivitet dhe optimiz\u00ebm n\u00eb gjith\u00eb bised\u00ebn\u201d, shkruan ajo.<\/p>\n<p>Nd\u00ebrsa m\u00eb tej Gjergji shkruan se Salianji sot nuk \u00ebsht\u00eb n\u00eb burg se ka p\u00ebrfituar tendera apo se ka t\u00eb kaluar kriminale, por sepse guxoi dhe ngriti z\u00ebrin p\u00ebr v\u00ebllain e ish-ministrit t\u00eb Brendsh\u00ebm, t\u00eb d\u00ebnuar p\u00ebr trafik droge.<\/p>\n<p><strong>Postimi i plot\u00eb<\/strong><\/p>\n<p>E v\u00ebrteta s\u2019mund t\u00eb prangoset<\/p>\n<p>Sot bashk\u00eb me koleg\u00ebt Dhurata \u00c7upi dhe Saimir Korreshi vizituam n\u00eb ambjentet e I.E.V.P Fier, kolegun ton\u00eb Ervin Salianji!<\/p>\n<p>Kam mbetur e befasuar nga optimizmi dhe forca q\u00eb kam konstatuar tek Ervini p\u00ebrgjat\u00eb gjith\u00eb asaj bisede q\u00eb kemi zhvilluar. Nuk \u00ebsht\u00eb e leht\u00eb p\u00ebr nj\u00eb djal\u00eb t\u00eb ri, t\u00eb shkolluar, ambicioz, p\u00ebr nj\u00eb politikan t\u00eb ri, ta gjej veten n\u00eb ato rrethana izolimi, por Ervini na dha shum\u00eb pozitivitet dhe optimiz\u00ebm n\u00eb gjith\u00eb bised\u00ebn.<\/p>\n<p>Shqip\u00ebria po p\u00ebrjeton dit\u00eb aspak t\u00eb mira sa i takon shtetit t\u00eb s\u00eb drejt\u00ebs dhe lirive t\u00eb individit dhe kolegu Salianji \u00ebsht\u00eb reflektimi m\u00eb i past\u00ebr i rikthimit t\u00eb d\u00ebnimeve dhe burgosjeve politike. N\u00ebnkryetari i grupit parlamentar t\u00eb PD\u00a0 dhe drejtuesi politik i qarkut t\u00eb Elbasanit sot \u00ebsht\u00eb n\u00eb burg jo se ka vjedhur parat\u00eb e taksapaguesve shqiptar\u00eb. Salianji sot nuk \u00ebsht\u00eb n\u00eb burg se ka p\u00ebrfituar tendera apo se ka t\u00eb kaluar kriminale. Ervini sot \u00ebsht\u00eb n\u00eb burg se guxoi dhe ngriti z\u00ebrin p\u00ebr v\u00ebllain e ish-ministrit t\u00eb Brendsh\u00ebm, t\u00eb d\u00ebnuar p\u00ebr trafik droge. Heqja e liris\u00eb \u00ebsht\u00eb nga nj\u00ebra an\u00eb nj\u00eb nga aktet m\u00eb t\u00eb r\u00ebnda q\u00eb mund t\u2019i shkaktohet nj\u00eb individi, nd\u00ebrkoh\u00eb nga ana tjet\u00ebr sakrifica e Salianjit \u00ebsht\u00eb dhe duhet t\u00eb jet\u00eb p\u00ebr t\u00eb gjith\u00eb ne koleg\u00ebt e tij nj\u00eb mesazh i fort\u00eb rezistence.<\/p>\n<p>Dua t\u2019i p\u00ebrcjell p\u00ebrsh\u00ebndetjet m\u00eb t\u00eb p\u00ebrzem\u00ebrta t\u00eb Ervin Salianjit nga I.E.V.P Fier p\u00ebr t\u00eb gjith\u00eb demokrat\u00ebt.<\/p>\n","protected":false},"excerpt":{"rendered":"<p>Deputeti i PD, Ervin Salianji \u00ebsht\u00eb vizituar gjat\u00eb dit\u00ebs s\u00eb sotme n\u00eb burgun e Fierit, nga tre ligjv\u00ebn\u00ebsit demokrat Zheni Gjergji, Dhurata \u00c7upi dhe Saimir Korreshi. Ishte deputetja Zheni Gjergji, e cila p\u00ebrmes nj\u00eb postimi n\u00eb Facebook, q\u00eb shkruan se pavar\u00ebsisht se situata e Salinjit nuk \u00ebsht\u00eb e leht\u00eb, ai iu ka dh\u00ebn\u00eb shum\u00eb pozitivitet &hellip;<\/p>\n","protected":false},"author":4,"featured_media":91406,"comment_status":"closed","ping_status":"closed","sticky":false,"template":"","format":"standard","meta":{"footnotes":""},"categories":[37],"tags":[],"class_list":["post-91405","post","type-post","status-publish","format-standard","has-post-thumbnail","","category-politike"],"_links":{"self":[{"href":"https:\/\/rdnews.al\/index.php\/wp-json\/wp\/v2\/posts\/91405","targetHints":{"allow":["GET"]}}],"collection":[{"href":"https:\/\/rdnews.al\/index.php\/wp-json\/wp\/v2\/posts"}],"about":[{"href":"https:\/\/rdnews.al\/index.php\/wp-json\/wp\/v2\/types\/post"}],"author":[{"embeddable":true,"href":"https:\/\/rdnews.al\/index.php\/wp-json\/wp\/v2\/users\/4"}],"replies":[{"embeddable":true,"href":"https:\/\/rdnews.al\/index.php\/wp-json\/wp\/v2\/comments?post=91405"}],"version-history":[{"count":1,"href":"https:\/\/rdnews.al\/index.php\/wp-json\/wp\/v2\/posts\/91405\/revisions"}],"predecessor-version":[{"id":91407,"href":"https:\/\/rdnews.al\/index.php\/wp-json\/wp\/v2\/posts\/91405\/revisions\/91407"}],"wp:featuredmedia":[{"embeddable":true,"href":"https:\/\/rdnews.al\/index.php\/wp-json\/wp\/v2\/media\/91406"}],"wp:attachment":[{"href":"https:\/\/rdnews.al\/index.php\/wp-json\/wp\/v2\/media?parent=91405"}],"wp:term":[{"taxonomy":"category","embeddable":true,"href":"https:\/\/rdnews.al\/index.php\/wp-json\/wp\/v2\/categories?post=91405"},{"taxonomy":"post_tag","embeddable":true,"href":"https:\/\/rdnews.al\/index.php\/wp-json\/wp\/v2\/tags?post=91405"}],"curies":[{"name":"wp","href":"https:\/\/api.w.org\/{rel}","templated":true}]}}