{"id":91408,"date":"2024-10-14T16:40:47","date_gmt":"2024-10-14T16:40:47","guid":{"rendered":"https:\/\/rdnews.al\/?p=91408"},"modified":"2024-10-14T16:40:47","modified_gmt":"2024-10-14T16:40:47","slug":"pensioniste-nxirrni-ne-pension-edi-ramen","status":"publish","type":"post","link":"https:\/\/rdnews.al\/index.php\/2024\/10\/14\/pensioniste-nxirrni-ne-pension-edi-ramen\/","title":{"rendered":"Pensionist\u00eb, nxirrni n\u00eb pension Edi Ram\u00ebn!"},"content":{"rendered":"<p><strong>Nga\u00a0Agim XHAFKA<\/strong><\/p>\n<p>Dje mbasdite te shkall\u00ebt e pallatit tim dy t\u00eb moshuar po mundoheshin t\u00eb ngjitnin nj\u00eb dollap nuk e di n\u00eb \u00e7\u2019kat.<\/p>\n<p>-A keni nevoj\u00eb p\u00ebr ndihm\u00eb? -i pyeta dhe vura nj\u00eb dor\u00eb p\u00ebr ta shtyr\u00eb lart.<\/p>\n<p>Dihasnin ata, por dhe un\u00eb. N\u00eb nj\u00eb pushim kati u thash\u00eb:<\/p>\n<p>-Po \u00e7\u2019ne ju me ngarkim-shkarkim mobilesh? S\u2019keni as mosh\u00eb, as fuqi.<\/p>\n<p>-Nuk jemi hamej. Jemi marangoz\u00eb. Festuam n\u00eb ver\u00eb 70-vjetorin, por dhe kur t\u00eb jemi 80 vje\u00e7 do ngarkojm\u00eb e shkarkojm\u00eb mobilje n\u00ebp\u00ebr pallate.-tha nj\u00ebri prej tyre.<\/p>\n<p>-Se me pension 13 mij\u00eb lek\u00eb t\u00eb reja q\u00eb marrim a shtyhet muaji? &#8211; m\u00eb pyeti tjetri.<\/p>\n<p>\u00c7\u2019t\u2019u thoja? Kishin t\u00eb drejt\u00eb. Askush qoft\u00eb dhe i vet\u00ebm, pa grua e familje, nuk gjallon dot me aq lek\u00eb. Por i pyeta me q\u00ebllim:<\/p>\n<p>-Nxirrni n\u00eb pension Edi Ram\u00ebn at\u00ebhere. Ai si m\u00ebsues e ka mbushur mosh\u00ebn. I b\u00ebn mir\u00eb dhe p\u00ebr sh\u00ebndetin se me ato s\u00ebmundje q\u00eb ka i b\u00ebn d\u00ebm posti i kryeministrit.<\/p>\n<p>-E si ta nxjerrim ne n\u00eb pension? -pyet\u00ebn e qesh\u00ebn dy marangoz\u00ebt 70-vje\u00e7ar\u00eb.<\/p>\n<p>-Kollaj fare. Shitjani vot\u00ebn atij. I thoni q\u00eb n\u00ebse nuk na i rrit pensionet t\u00eb pakt\u00ebn me 100 euro n\u00eb muaj harroje vot\u00ebn ton\u00eb. Ja, kaq duhet. Ju s\u2019jeni pak, jeni 700 mij\u00eb.<\/p>\n<p>Ata hesht\u00ebn ca \u00e7aste. Po bluanin \u00e7ka u thash\u00eb. M\u00eb tej pyet\u00ebn si me d\u00ebshp\u00ebrim:<\/p>\n<p>-Po ku do gjej\u00eb aq shum\u00eb para?<\/p>\n<p>-K\u00ebt\u00eb ta mendoj\u00eb ai, jo ju. Po un\u00eb them se e ka kollaj fare p\u00ebr aq para. Boll t\u00eb jet\u00eb m\u00eb i rrept\u00eb ndaj vjedhjeve q\u00eb b\u00ebn administrat e dalin fondet. Boll t\u00eb mos shp\u00ebrblej\u00eb shok\u00ebt dhe rriten pensionet. Boll t\u00eb harroj\u00eb koncesionet, rrug\u00ebt me 24 milion\u00eb euro kilometrin. Boll t\u00eb mos jetoj\u00eb n\u00eb qiell me charter, boll t\u00eb ul\u00eb rrogat e ministrave e deputet\u00ebve, boll t\u00eb..<\/p>\n<p>Nuk e zgjata m\u00eb tej. I futa n\u00eb mendime. Kap\u00ebm s\u00ebrish dollapin e me marrje fryme e me ofshama d\u00ebshp\u00ebrimi ia dol\u00ebm ta ngjitnim te kati i tet\u00eb.<\/p>\n<p>Kur po m\u00eb falenderonin p\u00ebr ndihm\u00ebn i cyta:<\/p>\n<p>-Vitin q\u00eb vjen mos harroni, nxirrni Ram\u00ebn n\u00eb pension. Se i erdhi mosha. Se i takon.<\/p>\n","protected":false},"excerpt":{"rendered":"<p>Nga\u00a0Agim XHAFKA Dje mbasdite te shkall\u00ebt e pallatit tim dy t\u00eb moshuar po mundoheshin t\u00eb ngjitnin nj\u00eb dollap nuk e di n\u00eb \u00e7\u2019kat. -A keni nevoj\u00eb p\u00ebr ndihm\u00eb? -i pyeta dhe vura nj\u00eb dor\u00eb p\u00ebr ta shtyr\u00eb lart. Dihasnin ata, por dhe un\u00eb. N\u00eb nj\u00eb pushim kati u thash\u00eb: -Po \u00e7\u2019ne ju me ngarkim-shkarkim mobilesh? &hellip;<\/p>\n","protected":false},"author":4,"featured_media":64522,"comment_status":"closed","ping_status":"closed","sticky":false,"template":"","format":"standard","meta":{"footnotes":""},"categories":[37],"tags":[],"class_list":["post-91408","post","type-post","status-publish","format-standard","has-post-thumbnail","","category-politike"],"_links":{"self":[{"href":"https:\/\/rdnews.al\/index.php\/wp-json\/wp\/v2\/posts\/91408","targetHints":{"allow":["GET"]}}],"collection":[{"href":"https:\/\/rdnews.al\/index.php\/wp-json\/wp\/v2\/posts"}],"about":[{"href":"https:\/\/rdnews.al\/index.php\/wp-json\/wp\/v2\/types\/post"}],"author":[{"embeddable":true,"href":"https:\/\/rdnews.al\/index.php\/wp-json\/wp\/v2\/users\/4"}],"replies":[{"embeddable":true,"href":"https:\/\/rdnews.al\/index.php\/wp-json\/wp\/v2\/comments?post=91408"}],"version-history":[{"count":1,"href":"https:\/\/rdnews.al\/index.php\/wp-json\/wp\/v2\/posts\/91408\/revisions"}],"predecessor-version":[{"id":91409,"href":"https:\/\/rdnews.al\/index.php\/wp-json\/wp\/v2\/posts\/91408\/revisions\/91409"}],"wp:featuredmedia":[{"embeddable":true,"href":"https:\/\/rdnews.al\/index.php\/wp-json\/wp\/v2\/media\/64522"}],"wp:attachment":[{"href":"https:\/\/rdnews.al\/index.php\/wp-json\/wp\/v2\/media?parent=91408"}],"wp:term":[{"taxonomy":"category","embeddable":true,"href":"https:\/\/rdnews.al\/index.php\/wp-json\/wp\/v2\/categories?post=91408"},{"taxonomy":"post_tag","embeddable":true,"href":"https:\/\/rdnews.al\/index.php\/wp-json\/wp\/v2\/tags?post=91408"}],"curies":[{"name":"wp","href":"https:\/\/api.w.org\/{rel}","templated":true}]}}