{"id":91413,"date":"2024-10-14T18:02:23","date_gmt":"2024-10-14T18:02:23","guid":{"rendered":"https:\/\/rdnews.al\/?p=91413"},"modified":"2024-10-14T18:02:23","modified_gmt":"2024-10-14T18:02:23","slug":"tetori-roze-berisha-ne-shqiperi-nenat-motrat-vajzat-grate-qe-sulmohen-nga-kjo-semundje-me-fatkeqija-se-kudo-tjeter","status":"publish","type":"post","link":"https:\/\/rdnews.al\/index.php\/2024\/10\/14\/tetori-roze-berisha-ne-shqiperi-nenat-motrat-vajzat-grate-qe-sulmohen-nga-kjo-semundje-me-fatkeqija-se-kudo-tjeter\/","title":{"rendered":"\u201cTetori roz\u00eb\u201d\/ Berisha: N\u00eb Shqip\u00ebri, n\u00ebnat, motrat, vajzat, grat\u00eb q\u00eb sulmohen nga kjo s\u00ebmundje, m\u00eb fatk\u00ebqija se kudo tjet\u00ebr"},"content":{"rendered":"<p>Kryetari i Partis\u00eb Demokratike, Sali Berisha \u00ebsht\u00eb ndalur te \u2018Tetori roz\u00eb\u2019, muaji ku n\u00eb mbar\u00eb globin, shoq\u00ebrit\u00eb b\u00ebjn\u00eb p\u00ebrpjekje t\u00eb rrisin ndjeshm\u00ebrin\u00eb ndaj nj\u00eb armiku t\u00eb eg\u00ebr t\u00eb sh\u00ebndetit t\u00eb n\u00ebnanve, vajzave dhe motrave.<\/p>\n<p>Berisha tha se, p\u00ebr fatin m\u00eb t\u00eb keq, m\u00eb duhet t\u00eb them se n\u00eb Shqip\u00ebri sot, si n\u00eb asnj\u00eb vend tjet\u00ebr n\u00eb Europ\u00eb, e ndofta si rrall-rrall\u00eb n\u00eb ndonj\u00eb vend n\u00eb bot\u00eb n\u00ebnat, motrat, vajzat, bashk\u00ebshortet, grat\u00eb q\u00eb sulmohen nga kjo s\u00ebmundje jan\u00eb m\u00eb fatk\u00ebqija se kudo tjet\u00ebr.<\/p>\n<p>\u201cMir\u00ebmbr\u00ebma dhe p\u00ebrsh\u00ebndetjet m\u00eb miq\u00ebsore. Mir\u00ebnjohjen time m\u00eb t\u00eb pakufishme p\u00ebr secilin prej jush, qendrestare dhe qendrestar\u00eb t\u00eb pamposhtur t\u00eb kauz\u00ebs s\u00eb drejt\u00eb t\u00eb \u00e7do shqiptare.<\/p>\n<p>Nj\u00eb p\u00ebrsh\u00ebndetje t\u00eb p\u00ebrzem\u00ebrt orator\u00ebve guximtare q\u00eb nga kjo tribun\u00eb e fjal\u00ebs s\u00eb lir\u00eb ngren\u00eb z\u00ebrin e tyre n\u00eb mbrojtje t\u00eb interesave t\u00eb mbar\u00eb shqiptar\u00ebve. Frym\u00ebzojn\u00eb me guximin e tyre, tmerrojn\u00eb regjimin e bazuar n\u00eb krimin, drog\u00ebn dhe vjedhjen e shqiptar\u00ebve.<\/p>\n<p>T\u00eb dashur miq, ky \u00ebsht\u00eb muaji tetor. K\u00ebt\u00eb muaj, n\u00eb mbar\u00eb globin, shoq\u00ebrit\u00eb b\u00ebjn\u00eb p\u00ebrpjekje t\u00eb rrisin ndjeshm\u00ebrin\u00eb ndaj nj\u00eb armiku t\u00eb eg\u00ebr t\u00eb sh\u00ebndetit t\u00eb n\u00ebnanve, vajzave dhe motrave, grave n\u00eb Shqip\u00ebri dhe mbar\u00eb bot\u00ebn.<\/p>\n<p>Ndaj edhe, n\u00eb k\u00ebt\u00eb p\u00ebrpjekje, muaji tetor quhet edhe muaji roz\u00eb, q\u00eb synon para s\u00eb gjithash t\u00eb rris\u00eb vet\u00ebdijen, ndjeshm\u00ebrin\u00eb e n\u00ebnave, grave, vajzave, motrave p\u00ebr nj\u00eb vetkontroll p\u00ebr k\u00ebt\u00eb s\u00ebmundje, por edhe detyrimin e madh q\u00eb ka shoq\u00ebria ndaj tyre p\u00ebr t\u00eb krijuar t\u00eb gjitha kushtet e nj\u00eb diagnoze sa m\u00eb t\u00eb shpejt, e nj\u00eb diagnoze edhe parandaluese dhe t\u00eb nj\u00eb mjekimi dinjitoz.<\/p>\n<p>Por p\u00ebr fatin m\u00eb t\u00eb keq, m\u00eb duhet t\u00eb them se n\u00eb Shqip\u00ebri sot, si n\u00eb asnj\u00eb vend tjet\u00ebr n\u00eb Europ\u00eb, e ndofta si rrall-rrall\u00eb n\u00eb ndonj\u00eb vend n\u00eb bot\u00eb n\u00ebnat, motrat, vajzat, bashk\u00ebshortet, grat\u00eb q\u00eb sulmohen nga kjo s\u00ebmundje jan\u00eb m\u00eb fatk\u00ebqija se kudo tjet\u00ebr.<\/p>\n<p>Jan\u00eb fatk\u00ebqija sepse vjedhja e tmerrshme e fondeve publike u gremis nga Edi Rama dhe qeveritar\u00eb t\u00eb tjer\u00eb, ka b\u00ebr\u00eb q\u00eb aparaturat p\u00ebr diagnoz\u00ebn e saj t\u00eb jen\u00eb n\u00eb t\u00ebr\u00ebsi n\u00eb difi\u00e7itare dhe me defekte. Ka b\u00ebr\u00eb q\u00eb ila\u00e7et p\u00ebr mjekimin e k\u00ebsaj lloj s\u00ebmundje me p\u00ebrhapje t\u00eb ve\u00e7ant\u00eb tek gjinia tjet\u00ebr t\u00eb mungojn\u00eb. Ka b\u00ebr\u00eb q\u00eb dhjet\u00ebra e qindra prej tyre t\u00eb mbeten pa ila\u00e7et baz\u00eb, t\u00eb mos marrin dot ila\u00e7in e duhur p\u00ebr stadin e s\u00ebmundjes.<\/p>\n<p>Ka b\u00ebr\u00eb, si\u00e7 e din\u00eb t\u00eb gjith\u00eb, q\u00eb dhe t\u00eb ken\u00eb fatin e pamerituar t\u00eb t\u00eb ndjer\u00ebs m\u00ebsuese t\u00eb nderuar, Ina Kasimati\u201d, tha Berisha.<\/p>\n","protected":false},"excerpt":{"rendered":"<p>Kryetari i Partis\u00eb Demokratike, Sali Berisha \u00ebsht\u00eb ndalur te \u2018Tetori roz\u00eb\u2019, muaji ku n\u00eb mbar\u00eb globin, shoq\u00ebrit\u00eb b\u00ebjn\u00eb p\u00ebrpjekje t\u00eb rrisin ndjeshm\u00ebrin\u00eb ndaj nj\u00eb armiku t\u00eb eg\u00ebr t\u00eb sh\u00ebndetit t\u00eb n\u00ebnanve, vajzave dhe motrave. Berisha tha se, p\u00ebr fatin m\u00eb t\u00eb keq, m\u00eb duhet t\u00eb them se n\u00eb Shqip\u00ebri sot, si n\u00eb asnj\u00eb vend tjet\u00ebr &hellip;<\/p>\n","protected":false},"author":4,"featured_media":82598,"comment_status":"closed","ping_status":"closed","sticky":false,"template":"","format":"standard","meta":{"footnotes":""},"categories":[37],"tags":[],"class_list":["post-91413","post","type-post","status-publish","format-standard","has-post-thumbnail","","category-politike"],"_links":{"self":[{"href":"https:\/\/rdnews.al\/index.php\/wp-json\/wp\/v2\/posts\/91413","targetHints":{"allow":["GET"]}}],"collection":[{"href":"https:\/\/rdnews.al\/index.php\/wp-json\/wp\/v2\/posts"}],"about":[{"href":"https:\/\/rdnews.al\/index.php\/wp-json\/wp\/v2\/types\/post"}],"author":[{"embeddable":true,"href":"https:\/\/rdnews.al\/index.php\/wp-json\/wp\/v2\/users\/4"}],"replies":[{"embeddable":true,"href":"https:\/\/rdnews.al\/index.php\/wp-json\/wp\/v2\/comments?post=91413"}],"version-history":[{"count":1,"href":"https:\/\/rdnews.al\/index.php\/wp-json\/wp\/v2\/posts\/91413\/revisions"}],"predecessor-version":[{"id":91414,"href":"https:\/\/rdnews.al\/index.php\/wp-json\/wp\/v2\/posts\/91413\/revisions\/91414"}],"wp:featuredmedia":[{"embeddable":true,"href":"https:\/\/rdnews.al\/index.php\/wp-json\/wp\/v2\/media\/82598"}],"wp:attachment":[{"href":"https:\/\/rdnews.al\/index.php\/wp-json\/wp\/v2\/media?parent=91413"}],"wp:term":[{"taxonomy":"category","embeddable":true,"href":"https:\/\/rdnews.al\/index.php\/wp-json\/wp\/v2\/categories?post=91413"},{"taxonomy":"post_tag","embeddable":true,"href":"https:\/\/rdnews.al\/index.php\/wp-json\/wp\/v2\/tags?post=91413"}],"curies":[{"name":"wp","href":"https:\/\/api.w.org\/{rel}","templated":true}]}}