{"id":91427,"date":"2024-10-14T20:11:31","date_gmt":"2024-10-14T20:11:31","guid":{"rendered":"https:\/\/rdnews.al\/?p=91427"},"modified":"2024-10-14T20:11:31","modified_gmt":"2024-10-14T20:11:31","slug":"kercenimet-ndaj-bardhit-shkullaku-nese-hapen-dosjet-e-spak-del-se-shteti-eshte-marre-peng-nga-bandat","status":"publish","type":"post","link":"https:\/\/rdnews.al\/index.php\/2024\/10\/14\/kercenimet-ndaj-bardhit-shkullaku-nese-hapen-dosjet-e-spak-del-se-shteti-eshte-marre-peng-nga-bandat\/","title":{"rendered":"K\u00ebrc\u00ebnimet ndaj Bardhit, Shkullaku: N\u00ebse hapen dosjet e SPAK del se shteti \u00ebsht\u00eb marr\u00eb peng nga bandat"},"content":{"rendered":"<p>Analisti Armand Shkullaku ka folur p\u00ebr skandalin e radh\u00ebs, gazetari pran\u00eb tij, Sokol Balla k\u00ebrc\u00ebnoi kreun e Grupit Parlamentar t\u00eb PD-s\u00eb, Gazment Bardhi.<\/p>\n<p>Shkullaku theksoi se informacionet e denoncuara nga Gazment Bardhit po dalin t\u00eb v\u00ebrteta.<\/p>\n<p>&#8220;Informacionet q\u00eb ka dh\u00ebn\u00eb Gazment Bardhi po dalin pak si t\u00eb v\u00ebrteta. Po shohim prokuror\u00eb q\u00eb i p\u00ebrmendi me emra, si bashk\u00ebshorti i ish-n\u00ebnkryetares s\u00eb Kuvendit, at\u00eb e thirr\u00ebn n\u00eb SPAK, ka p\u00ebrmedur ish-ministrin e Brendsh\u00ebm Taulant Balla i cili pas k\u00ebsaj u shkarkua nga Edi Rama, po p\u00ebrmend dhe emra gazetar\u00ebsh q\u00eb ka marr\u00eb para nga kriminel\u00eb dhe trafikant\u00eb, prandaj ka nj\u00eb koordinim q\u00eb realisht po e shqet\u00ebson Edi Ram\u00ebn dhe mazhoranc\u00ebn sepse t\u00eb shkosh deri te k\u00ebrc\u00ebnimi ndaj dikujt duhet t\u00eb kesh ndonj\u00eb motiv&#8221;, u shpreh Shkullaku.<\/p>\n<p>Gjithashtu gazetari u shpreh se \u2018deri tani po shohim q\u00eb SPAK jo vet\u00ebm nuk i \u00e7on n\u00eb banka e drejt\u00ebsis\u00eb, por Gjykata Speciale jep edhe urdhra q\u00eb t\u00eb mos i nxjerrim materialet ku demaskohen t\u00eb gjith\u00eb me prokuror\u00eb me politikan\u00eb me ministra me gazetar\u00eb dhe po u hap\u00ebn k\u00ebto kemi autopsin\u00eb 12-vje\u00e7are t\u00eb nj\u00eb shteti t\u00eb kalbur t\u00eb nj\u00eb shteti q\u00eb \u00ebsht\u00eb peng totalisht i krimit, ky \u00ebsht\u00eb problemi dhe nuk e kan\u00eb me Gazment Bardhin\u2019.<\/p>\n<p><strong>Deklarata e plot\u00eb<\/strong><\/p>\n<p>Dua t\u00eb ndalem te fenomeni. \u00c7far\u00eb po ndodh aktualisht me denoncimet e Gazment Bardhit. Ne po shohim q\u00eb d\u00ebnohet Salianji dhe Edi Rama reagon ndaj Gaz Bardhit. Ti q\u00eb me b\u00ebshtym\u00ebn e Saliut k\u00ebrcen nga prehri n\u00eb prehr, b*tha e vog\u00ebl b*tha e madhe, me nj\u00eb gjuh\u00eb q\u00eb e p\u00ebrs\u00ebriti edhe Sokol Balla mbrapa q\u00eb ishte i nj\u00ebjti mesazh i Ram\u00ebs. T\u00eb nj\u00ebjt\u00ebn gj\u00eb b\u00ebri Rama edhe n\u00eb parlament me Gazment Bardhin. T\u00eb nj\u00ebjt\u00ebn gj\u00eb b\u00ebri dhe ABC, lajmi \u00ebsht\u00eb d\u00ebnohet Salianji, protesta e opozit\u00ebs se \u00e7lidhje ka fati i Gazement Bardhit me fatin e Vis Martinit dhe k\u00ebtu nxjerr nj\u00eb konkluzion, po t\u00eb m\u00eb thon\u00eb mua gjith\u00eb dit\u00ebn q\u00eb jam trafikan droge do qesh, po t\u00eb filloj ti i posht\u00ebr q\u00eb p\u00ebrkulesh n\u00eb gjunj\u00eb, q\u00eb mbledh mb\u00ebshtym\u00ebn e Sali Berish\u00ebs, etj. jam i qet\u00eb, thuaj gjith\u00eb dit\u00ebn dhe nat\u00ebn q\u00eb un\u00eb dhe v\u00ebllai im jemi trafikant droge, si\u00e7 ishte i qet\u00eb Rama kur kishte edhe akuza m\u00eb t\u00eb r\u00ebnda p\u00ebr familjen nuk e prishte terezin\u00eb sepse ishte i sigurt\u00eb.<\/p>\n<p>Tani \u00e7\u00ebshtja q\u00ebndron se Gazment Bardhi nga nj\u00ebra an\u00eb por edhe nj\u00eb vendim nga Gjykata Speciale nga ana tjet\u00ebr q\u00eb ka ndaluar publikimin e p\u00ebrgjimeve nga dosja e SKY dhe Encro Chat, ky ndalim vet\u00ebm n\u00eb Shqip\u00ebri ndodh me vendim gjykate, informacionet q\u00eb ka dh\u00ebn\u00eb Gazment Bardhi po dalin pak si t\u00eb v\u00ebrteta. Po shohim prokuror\u00eb q\u00eb i p\u00ebrmendi me emra, si bashk\u00ebshorti i ish-n\u00ebnkryetares s\u00eb Kuvendit, at\u00eb e thirr\u00ebn n\u00eb SPAK, ka p\u00ebrmedur ish-ministrin e Brendsh\u00ebm Taulant Balla i cili pas k\u00ebsaj u shkarkua nga Edi Rama, po p\u00ebrmend dhe emra gazetar\u00ebsh q\u00eb ka marr\u00eb para nga kriminel\u00eb dhe trafikant\u00eb, prandaj ka nj\u00eb koordinim q\u00eb realisht po e shqet\u00ebson Edi Ram\u00ebn dhe mazhoranc\u00ebn sepse t\u00eb shkosh deri te k\u00ebrc\u00ebnimi ndaj dikujt duhet t\u00eb kesh ndonj\u00eb motiv.<\/p>\n<p>Pse gjith\u00eb ky mllef, gjith\u00eb ky zjarr, gjith\u00eb kjo betej\u00eb ndaj Gazment Bardhit? E ka me Gazment Bardhin apo se n\u00eb at\u00eb dosje del gjysma e qeveris\u00eb, gjysma e prokuror\u00ebve edhe t\u00eb SPAK, dalin koleg\u00ebt tan\u00eb dhe plot\u00eb njer\u00ebz q\u00eb jan\u00eb b\u00ebr\u00eb nj\u00ebsh me mazhoranc\u00ebn. Bandit\u00eb media biznese dhe politikan\u00eb vjedhin Shqip\u00ebrin\u00eb p\u00ebr t\u00eb vjedhur vota dhe vjedhin vota p\u00ebr t\u00eb vjedhur Shqip\u00ebrin\u00eb.<\/p>\n<p>Deri tani po shohim q\u00eb SPAK jo vet\u00ebm nuk i \u00e7on n\u00eb banka e drejt\u00ebsis\u00eb, por Gjykata Speciale jep edhe urdhra q\u00eb t\u00eb mos i nxjerrim materialet ku demaskohen t\u00eb gjith\u00eb me prokuror\u00eb me politikan\u00eb me ministra me gazetar\u00eb dhe po u hap\u00ebn k\u00ebto kemi autopsin\u00eb 12-vje\u00e7are t\u00eb nj\u00eb shteti t\u00eb kalbur t\u00eb nj\u00eb shteti q\u00eb \u00ebsht\u00eb peng totalisht i krimit, ky \u00ebsht\u00eb problemi dhe nuk e kan\u00eb me Gazment Bardhin.<\/p>\n","protected":false},"excerpt":{"rendered":"<p>Analisti Armand Shkullaku ka folur p\u00ebr skandalin e radh\u00ebs, gazetari pran\u00eb tij, Sokol Balla k\u00ebrc\u00ebnoi kreun e Grupit Parlamentar t\u00eb PD-s\u00eb, Gazment Bardhi. Shkullaku theksoi se informacionet e denoncuara nga Gazment Bardhit po dalin t\u00eb v\u00ebrteta. &#8220;Informacionet q\u00eb ka dh\u00ebn\u00eb Gazment Bardhi po dalin pak si t\u00eb v\u00ebrteta. Po shohim prokuror\u00eb q\u00eb i p\u00ebrmendi me &hellip;<\/p>\n","protected":false},"author":4,"featured_media":91062,"comment_status":"closed","ping_status":"closed","sticky":false,"template":"","format":"standard","meta":{"footnotes":""},"categories":[37],"tags":[],"class_list":["post-91427","post","type-post","status-publish","format-standard","has-post-thumbnail","","category-politike"],"_links":{"self":[{"href":"https:\/\/rdnews.al\/index.php\/wp-json\/wp\/v2\/posts\/91427","targetHints":{"allow":["GET"]}}],"collection":[{"href":"https:\/\/rdnews.al\/index.php\/wp-json\/wp\/v2\/posts"}],"about":[{"href":"https:\/\/rdnews.al\/index.php\/wp-json\/wp\/v2\/types\/post"}],"author":[{"embeddable":true,"href":"https:\/\/rdnews.al\/index.php\/wp-json\/wp\/v2\/users\/4"}],"replies":[{"embeddable":true,"href":"https:\/\/rdnews.al\/index.php\/wp-json\/wp\/v2\/comments?post=91427"}],"version-history":[{"count":1,"href":"https:\/\/rdnews.al\/index.php\/wp-json\/wp\/v2\/posts\/91427\/revisions"}],"predecessor-version":[{"id":91428,"href":"https:\/\/rdnews.al\/index.php\/wp-json\/wp\/v2\/posts\/91427\/revisions\/91428"}],"wp:featuredmedia":[{"embeddable":true,"href":"https:\/\/rdnews.al\/index.php\/wp-json\/wp\/v2\/media\/91062"}],"wp:attachment":[{"href":"https:\/\/rdnews.al\/index.php\/wp-json\/wp\/v2\/media?parent=91427"}],"wp:term":[{"taxonomy":"category","embeddable":true,"href":"https:\/\/rdnews.al\/index.php\/wp-json\/wp\/v2\/categories?post=91427"},{"taxonomy":"post_tag","embeddable":true,"href":"https:\/\/rdnews.al\/index.php\/wp-json\/wp\/v2\/tags?post=91427"}],"curies":[{"name":"wp","href":"https:\/\/api.w.org\/{rel}","templated":true}]}}