{"id":9144,"date":"2022-04-11T12:02:20","date_gmt":"2022-04-11T12:02:20","guid":{"rendered":"https:\/\/rdnews.al\/?p=9144"},"modified":"2022-04-11T17:12:02","modified_gmt":"2022-04-11T17:12:02","slug":"cfare-pritet-te-ndodhe-ne-rundin-e-dyte-te-zgjedhjeve-ne-france","status":"publish","type":"post","link":"https:\/\/rdnews.al\/index.php\/2022\/04\/11\/cfare-pritet-te-ndodhe-ne-rundin-e-dyte-te-zgjedhjeve-ne-france\/","title":{"rendered":"\u00c7far\u00eb pritet t\u00eb ndodh\u00eb n\u00eb rundin e dyt\u00eb t\u00eb zgjedhjeve n\u00eb Franc\u00eb"},"content":{"rendered":"<p>Presidenti aktual francez, Emmanuel Macron kryeson n\u00eb rundin e par\u00eb t\u00eb zgjedhjeve presidenciale, disa pik\u00eb p\u00ebrqindje m\u00eb shum\u00eb se liderja e ekstremit t\u00eb djatht\u00eb Marine Le Pen me t\u00eb cil\u00ebn do t\u00eb p\u00ebrballet n\u00eb rundin e dyt\u00eb m\u00eb 24 prill.<\/p>\n<p>Sipas rezultateve t\u00eb pjesshme zyrtare, Emmanuel Macron mori 27.4 p\u00ebr qind pas num\u00ebrimit t\u00eb 38 milion\u00eb votave, p\u00ebrpara kandidates s\u00eb Asambles\u00eb Komb\u00ebtare t\u00eb krahut t\u00eb djatht\u00eb Le Pen, e cila mori 25.54 p\u00ebr qind.<\/p>\n<p>Moment ky\u00e7 n\u00eb dy jav\u00ebt e ardhshme do t\u00eb jet\u00eb debati tradicional televiziv i dy kandidat\u00ebve q\u00eb hyjn\u00eb n\u00eb rundin e dyt\u00eb, shkruajn\u00eb mediat nd\u00ebrkomb\u00ebtare.<\/p>\n<p>N\u00eb vitin 2017, Macron dominoi Le Pen, por k\u00ebt\u00eb vit, vajza e ish-liderit t\u00eb ekstremit t\u00eb djatht\u00eb Jean-Marie Le Pen, e cila e para e futi t\u00eb djatht\u00ebn ekstreme n\u00eb rundin e dyt\u00eb t\u00eb zgjedhjeve presidenciale, duket m\u00eb e p\u00ebrgatitur se at\u00ebher\u00eb.<\/p>\n<p>Ajo zhvilloi nj\u00eb fushat\u00eb n\u00eb terren, e fokusuar n\u00eb fuqin\u00eb bler\u00ebse, q\u00eb \u00ebsht\u00eb shqet\u00ebsimi m\u00eb i madh i votuesve, nd\u00ebrsa Emmanuel Macron, i preokupuar me luft\u00ebn n\u00eb Ukrain\u00eb, ishte m\u00eb pak i pranish\u00ebm.<\/p>\n<p>Megjithat\u00eb, nj\u00eb num\u00ebr i madh votuesish kan\u00eb mbetur t\u00eb pavendosur deri n\u00eb momentin e fundit.<\/p>\n","protected":false},"excerpt":{"rendered":"<p>Presidenti aktual francez, Emmanuel Macron kryeson n\u00eb rundin e par\u00eb t\u00eb zgjedhjeve presidenciale, disa pik\u00eb p\u00ebrqindje m\u00eb shum\u00eb se liderja e ekstremit t\u00eb djatht\u00eb Marine Le Pen me t\u00eb cil\u00ebn do t\u00eb p\u00ebrballet n\u00eb rundin e dyt\u00eb m\u00eb 24 prill. Sipas rezultateve t\u00eb pjesshme zyrtare, Emmanuel Macron mori 27.4 p\u00ebr qind pas num\u00ebrimit t\u00eb 38 &hellip;<\/p>\n","protected":false},"author":4,"featured_media":9145,"comment_status":"open","ping_status":"open","sticky":false,"template":"","format":"standard","meta":{"footnotes":""},"categories":[38],"tags":[],"class_list":["post-9144","post","type-post","status-publish","format-standard","has-post-thumbnail","","category-bota"],"_links":{"self":[{"href":"https:\/\/rdnews.al\/index.php\/wp-json\/wp\/v2\/posts\/9144","targetHints":{"allow":["GET"]}}],"collection":[{"href":"https:\/\/rdnews.al\/index.php\/wp-json\/wp\/v2\/posts"}],"about":[{"href":"https:\/\/rdnews.al\/index.php\/wp-json\/wp\/v2\/types\/post"}],"author":[{"embeddable":true,"href":"https:\/\/rdnews.al\/index.php\/wp-json\/wp\/v2\/users\/4"}],"replies":[{"embeddable":true,"href":"https:\/\/rdnews.al\/index.php\/wp-json\/wp\/v2\/comments?post=9144"}],"version-history":[{"count":0,"href":"https:\/\/rdnews.al\/index.php\/wp-json\/wp\/v2\/posts\/9144\/revisions"}],"wp:featuredmedia":[{"embeddable":true,"href":"https:\/\/rdnews.al\/index.php\/wp-json\/wp\/v2\/media\/9145"}],"wp:attachment":[{"href":"https:\/\/rdnews.al\/index.php\/wp-json\/wp\/v2\/media?parent=9144"}],"wp:term":[{"taxonomy":"category","embeddable":true,"href":"https:\/\/rdnews.al\/index.php\/wp-json\/wp\/v2\/categories?post=9144"},{"taxonomy":"post_tag","embeddable":true,"href":"https:\/\/rdnews.al\/index.php\/wp-json\/wp\/v2\/tags?post=9144"}],"curies":[{"name":"wp","href":"https:\/\/api.w.org\/{rel}","templated":true}]}}