{"id":91479,"date":"2024-10-15T11:31:22","date_gmt":"2024-10-15T11:31:22","guid":{"rendered":"https:\/\/rdnews.al\/?p=91479"},"modified":"2024-10-15T11:31:22","modified_gmt":"2024-10-15T11:31:22","slug":"berisha-shqiptaret-kane-qene-dhe-mbeten-motivimi-me-i-fuqishem-per-mua-ne-keto-8-dekada-te-jetes-sime","status":"publish","type":"post","link":"https:\/\/rdnews.al\/index.php\/2024\/10\/15\/berisha-shqiptaret-kane-qene-dhe-mbeten-motivimi-me-i-fuqishem-per-mua-ne-keto-8-dekada-te-jetes-sime\/","title":{"rendered":"Berisha: Shqiptar\u00ebt kan\u00eb qen\u00eb dhe mbeten motivimi m\u00eb i fuqish\u00ebm p\u00ebr mua n\u00eb k\u00ebto 8 dekada t\u00eb jet\u00ebs sime"},"content":{"rendered":"<p>Kryetari i Partis\u00eb Demokratike, Sali Berisha n\u00eb nj\u00eb mesazh t\u00eb dh\u00ebn\u00eb p\u00ebr qytetar\u00ebt, n\u00eb nisje t\u00eb bashk\u00ebbisedimit t\u00eb tij me ta, \u00ebsht\u00eb shprehur se, n\u00eb k\u00ebt\u00eb dit\u00eb t\u00eb ve\u00e7ant\u00eb t\u00eb tij, n\u00eb 80 vjetorin e lindjes, shqiptar\u00ebt kan\u00eb qen\u00eb dhe mbeten motivimi m\u00eb i fuqish\u00ebm p\u00ebr t\u00eb.<\/p>\n<p>\u201cP\u00ebrsh\u00ebndetjet m\u00eb t\u00eb p\u00ebrzem\u00ebrta t\u00eb gjith\u00ebve ju q\u00eb na ndiqni n\u00eb k\u00ebt\u00eb komunikim n\u00eb rrjetet sociale me miqt\u00eb e mi.<\/p>\n<p>Un\u00eb zgjodha si momentin m\u00eb kryesor t\u00eb dit\u00eblindjes sime, 80-vjetorit, komunikimin me miqt\u00eb e mi n\u00eb rrjetet sociale.<\/p>\n<p>Udh\u00ebtimi n\u00eb 8 dekada dhe ngjitja n\u00eb maj\u00ebn m\u00eb t\u00eb bukur t\u00eb jet\u00ebs sime, ngjall m\u00eb shum\u00eb se \u00e7do gj\u00eb tjet\u00ebr mir\u00ebnjohjen e pakufishme ndaj qindra mij\u00ebra, por edhe miliona shqiptar\u00ebve, q\u00eb gjat\u00eb gjith\u00eb k\u00ebtyre viteve, me mb\u00ebshtetjen e tyre, kan\u00eb qen\u00eb frym\u00ebzim i pashtersh\u00ebm p\u00ebr mua.<\/p>\n<p>Vitet natyrsh\u00ebm kan\u00eb pesh\u00ebn e tyre, por asgj\u00eb nuk i b\u00ebn ato m\u00eb t\u00eb par\u00ebnd\u00ebsishme, m\u00eb t\u00eb lehta se sa motivimi i njeriut, frym\u00ebzimi i tij.<\/p>\n<p>N\u00eb k\u00ebt\u00eb kuad\u00ebr, un\u00eb dua t\u2019u siguroj se mb\u00ebshtetja juaj ka qen\u00eb frym\u00ebzimi m\u00eb i madh p\u00ebr mua.<\/p>\n<p>Ka qen\u00eb motivimi m\u00eb i fuqish\u00ebm dhe n\u00eb disa aspekte vet\u00eb ky udh\u00ebtim n\u00eb 8 dekada, ka pasur momente kur ju me besimin dhe mb\u00ebshtetjen q\u00eb m\u00eb keni dh\u00ebn\u00eb, keni rrezikuar, keni treguar veten guximtar\u00eb, keni treguar veten njer\u00ebz t\u00eb parimeve dhe idealeve t\u00eb v\u00ebrteta njer\u00ebzore.<\/p>\n<p>Keni besuar tek un\u00eb edhe n\u00eb koh\u00ebrat m\u00eb t\u00eb v\u00ebshtira.<\/p>\n<p>Keni mb\u00ebshtetur Sali Berish\u00ebn edhe kur ajo kishte nj\u00eb \u00e7mim.<\/p>\n<p>U ndala p\u00ebr t\u00eb th\u00ebn\u00eb k\u00ebto vet\u00ebm e vet\u00ebm p\u00ebr t\u00eb theksuar se sa mir\u00ebnjoh\u00ebs, se sa borxhli, sa i motivuar dhe i frym\u00ebzuar ndjehet Sali Berisha sot n\u00eb k\u00ebt\u00eb maj\u00eb t\u00eb 8 dekadave udh\u00ebtim.<\/p>\n<p>E bukur shum\u00eb, ua them ju.<\/p>\n<p>Nuk kisha \u00ebnd\u00ebrruar ndonj\u00ebher\u00eb se kjo maj\u00eb do t\u00eb ishte aq e bukur p\u00ebr Sali Berish\u00ebn, pavar\u00ebsisht nga v\u00ebshtir\u00ebsit\u00eb, nd\u00ebrlikimet, por ne b\u00ebm\u00eb nj\u00eb betej\u00eb at\u00ebher\u00eb kur nuk e prisnin.<\/p>\n<p>Nj\u00eb mik i imi francez n\u00eb nj\u00eb lib\u00ebr lavd\u00ebron trim\u00ebrin\u00eb e or\u00ebs 2 t\u00eb m\u00ebngjesit. E pyeta mikun tim, pse e ke ve\u00e7uar trim\u00ebrin\u00eb e or\u00ebs 2 t\u00eb m\u00ebngjesit. Sepse ora 2 e m\u00ebngjesit \u00ebsht\u00eb ora e befasis\u00eb m\u00eb t\u00eb madhe dhe q\u00eb ai arrin t\u00eb reagoj\u00eb n\u00eb ora 2 t\u00eb m\u00ebngjesit, ai p\u00ebrballon \u00e7do befasi. T\u00eb till\u00eb ishit ju\u201d, tha Berisha.<\/p>\n","protected":false},"excerpt":{"rendered":"<p>Kryetari i Partis\u00eb Demokratike, Sali Berisha n\u00eb nj\u00eb mesazh t\u00eb dh\u00ebn\u00eb p\u00ebr qytetar\u00ebt, n\u00eb nisje t\u00eb bashk\u00ebbisedimit t\u00eb tij me ta, \u00ebsht\u00eb shprehur se, n\u00eb k\u00ebt\u00eb dit\u00eb t\u00eb ve\u00e7ant\u00eb t\u00eb tij, n\u00eb 80 vjetorin e lindjes, shqiptar\u00ebt kan\u00eb qen\u00eb dhe mbeten motivimi m\u00eb i fuqish\u00ebm p\u00ebr t\u00eb. \u201cP\u00ebrsh\u00ebndetjet m\u00eb t\u00eb p\u00ebrzem\u00ebrta t\u00eb gjith\u00ebve ju q\u00eb &hellip;<\/p>\n","protected":false},"author":4,"featured_media":91480,"comment_status":"closed","ping_status":"closed","sticky":false,"template":"","format":"standard","meta":{"footnotes":""},"categories":[37],"tags":[],"class_list":["post-91479","post","type-post","status-publish","format-standard","has-post-thumbnail","","category-politike"],"_links":{"self":[{"href":"https:\/\/rdnews.al\/index.php\/wp-json\/wp\/v2\/posts\/91479","targetHints":{"allow":["GET"]}}],"collection":[{"href":"https:\/\/rdnews.al\/index.php\/wp-json\/wp\/v2\/posts"}],"about":[{"href":"https:\/\/rdnews.al\/index.php\/wp-json\/wp\/v2\/types\/post"}],"author":[{"embeddable":true,"href":"https:\/\/rdnews.al\/index.php\/wp-json\/wp\/v2\/users\/4"}],"replies":[{"embeddable":true,"href":"https:\/\/rdnews.al\/index.php\/wp-json\/wp\/v2\/comments?post=91479"}],"version-history":[{"count":1,"href":"https:\/\/rdnews.al\/index.php\/wp-json\/wp\/v2\/posts\/91479\/revisions"}],"predecessor-version":[{"id":91481,"href":"https:\/\/rdnews.al\/index.php\/wp-json\/wp\/v2\/posts\/91479\/revisions\/91481"}],"wp:featuredmedia":[{"embeddable":true,"href":"https:\/\/rdnews.al\/index.php\/wp-json\/wp\/v2\/media\/91480"}],"wp:attachment":[{"href":"https:\/\/rdnews.al\/index.php\/wp-json\/wp\/v2\/media?parent=91479"}],"wp:term":[{"taxonomy":"category","embeddable":true,"href":"https:\/\/rdnews.al\/index.php\/wp-json\/wp\/v2\/categories?post=91479"},{"taxonomy":"post_tag","embeddable":true,"href":"https:\/\/rdnews.al\/index.php\/wp-json\/wp\/v2\/tags?post=91479"}],"curies":[{"name":"wp","href":"https:\/\/api.w.org\/{rel}","templated":true}]}}