{"id":91485,"date":"2024-10-15T11:43:31","date_gmt":"2024-10-15T11:43:31","guid":{"rendered":"https:\/\/rdnews.al\/?p=91485"},"modified":"2024-10-15T11:44:52","modified_gmt":"2024-10-15T11:44:52","slug":"ajo-qe-ndodhi-ne-vitin-2021-ishte-nje-thirrje-e-brendshme-e-shqiptarizmit-ne-shpirtin-e-sali-berishes","status":"publish","type":"post","link":"https:\/\/rdnews.al\/index.php\/2024\/10\/15\/ajo-qe-ndodhi-ne-vitin-2021-ishte-nje-thirrje-e-brendshme-e-shqiptarizmit-ne-shpirtin-e-sali-berishes\/","title":{"rendered":"Berisha: Ajo q\u00eb ndodhi n\u00eb vitin 2021 ishte nj\u00eb thirrje e brendshme e shqiptarizmit n\u00eb shpirtin e Sali Berish\u00ebs!"},"content":{"rendered":"<p>Kryetari i PD, Sali Berisha tha se, \u00a0ajo q\u00eb ndodhi n\u00eb vitin 2021, ajo ishte nj\u00eb thirrje e brendshme, nj\u00eb thirrje genuine e shqiptarizmit n\u00eb shpirtin e Sali Berish\u00ebs. Duhet t\u00eb q\u00ebndroja ndaj atyre t\u00eb cil\u00ebt u p\u00ebrpoq\u00ebn jo t\u00eb godasin nj\u00eb njeri, absolutisht, u p\u00ebrpoq\u00ebn nga pozita korruptive majtiste, t\u00eb fshijn\u00eb nj\u00eb histori t\u00eb kombit tim 30-vje\u00e7are.<\/p>\n<p>\u201cJam angazhuar n\u00eb fundin e viteve \u201980 dhe fillimin e viteve \u201990 kund\u00ebr nj\u00eb diktature, e cila ishte e eg\u00ebr, e cila ekzekutonte t\u00eb rinjt\u00eb n\u00eb kufi, por prap\u00eb se prap\u00eb ishte n\u00eb r\u00ebnie t\u00eb pashmangshme.<\/p>\n<p>Pas saj, me t\u00eb gjith\u00eb p\u00ebrpjekjet e mia, jam p\u00ebrpjekur q\u00eb Shqip\u00ebria t\u00eb mos jet\u00eb m\u00eb ajo q\u00eb ishte.<\/p>\n<p>Dhe un\u00eb mendoj se Shqip\u00ebria njohu kuantum lipe t\u00eb v\u00ebrteta, nj\u00eb vend q\u00eb vinte nga honet e varf\u00ebris\u00eb dhe mjerimit njer\u00ebzor si vendi i tret\u00eb m\u00eb i varf\u00ebr i planetit, doli n\u00eb grupin e vendeve me t\u00eb ardhura t\u00eb mesme t\u00eb larta.<\/p>\n<p>U an\u00ebtar\u00ebsua n\u00eb NATO.<\/p>\n<p>Ecte me program t\u00eb sigurt drejt procesit t\u00eb an\u00ebtar\u00ebsimit n\u00eb BE.<\/p>\n<p>T\u00eb gjitha k\u00ebto, p\u00ebrb\u00ebnin p\u00ebr mua disa rezultate, apo disa gur\u00eb kilometrik\u00eb n\u00eb udh\u00ebtimin tim.<\/p>\n<p>Por dua t\u00eb jem i sinqert\u00eb, ajo q\u00eb ndodhi n\u00eb vitin 2021, ajo ishte nj\u00eb thirrje e brendshme, nj\u00eb thirrje genuine e shqiptarizmit n\u00eb shpirtin e Sali Berish\u00ebs.<\/p>\n<p>Duhet t\u00eb q\u00ebndroja ndaj atyre t\u00eb cil\u00ebt u p\u00ebrpoq\u00ebn jo t\u00eb godasin nj\u00eb njeri, absolutisht, u p\u00ebrpoq\u00ebn nga pozita korruptive majtiste, t\u00eb fshijn\u00eb nj\u00eb histori t\u00eb kombit tim 30-vje\u00e7are.<\/p>\n<p>N\u00eb k\u00ebt\u00eb kontekst, mendoj se me veprimtarin\u00eb time \u00ebsht\u00eb ky nj\u00eb nga sh\u00ebrbimet m\u00eb t\u00eb m\u00ebdha q\u00eb e b\u00ebj p\u00ebr kombin tim q\u00eb un\u00eb e adhuroj.<\/p>\n<p>Nuk mundet kurr\u00eb t\u00eb pranoja un\u00eb, q\u00eb isha votuar nga ky popull m\u00eb shum\u00eb se kushdo tjet\u00ebr n\u00eb 30 vite, t\u00eb damkosesha p\u00ebr t\u00eb turp\u00ebruar ata, ndaj dhe deklarata ime ishte e thjesht\u00eb: kur t\u00eb gjendet nj\u00eb dokument i vet\u00ebm, nj\u00eb prov\u00eb e vetme e korrupsionit t\u00eb Sali Berish\u00ebs, largohem p\u00ebrfundimisht nga politika.<\/p>\n<p>Nisa betej\u00ebn, sot ku jemi?<\/p>\n<p>Sot, pas kat\u00ebr vitesh hetime intensive, shterruese nga mercenar\u00ebt dhe vetingut 30-vje\u00e7ar, u konkludua se nuk kishte shkelur kurr\u00eb ligjin.<\/p>\n<p>U konkludua se njeriu i vet\u00ebm, njer\u00ebzit e vet\u00ebm t\u00eb cil\u00ebt kishin paguar p\u00ebr Sali Berish\u00ebn, ishin vajza e tij, ishte dh\u00ebndri i tij.<\/p>\n<p>U konkludua se n\u00eb asetet e tij, ai kishte 100 mij\u00eb euro, pas 54 viteve pun\u00eb, dhe nj\u00eb apartament 40 metra m\u00eb t\u00eb madh se ai ka pasur n\u00eb diktatur\u00eb.<\/p>\n<p>Natyrisht, ju q\u00eb m\u00eb besuat n\u00eb fillim, i kishit shum\u00eb t\u00eb qarta k\u00ebto.<\/p>\n<p>Por t\u00eb gjith\u00eb t\u00eb tjer\u00ebt kishin t\u00eb drejt\u00eb t\u00eb dyshonin duke e ditur se kjo akuz\u00eb absurde vinte nga kryediplomati i bot\u00ebs.<\/p>\n<p>Sot pas 4 vitesh, \u00e7do njeri q\u00eb p\u00ebrtyp mashtrimet e tij, i them kontrollo xhepat e tu\u201d, u shpreh Berisha.<\/p>\n","protected":false},"excerpt":{"rendered":"<p>Kryetari i PD, Sali Berisha tha se, \u00a0ajo q\u00eb ndodhi n\u00eb vitin 2021, ajo ishte nj\u00eb thirrje e brendshme, nj\u00eb thirrje genuine e shqiptarizmit n\u00eb shpirtin e Sali Berish\u00ebs. Duhet t\u00eb q\u00ebndroja ndaj atyre t\u00eb cil\u00ebt u p\u00ebrpoq\u00ebn jo t\u00eb godasin nj\u00eb njeri, absolutisht, u p\u00ebrpoq\u00ebn nga pozita korruptive majtiste, t\u00eb fshijn\u00eb nj\u00eb histori t\u00eb &hellip;<\/p>\n","protected":false},"author":4,"featured_media":91486,"comment_status":"closed","ping_status":"closed","sticky":false,"template":"","format":"standard","meta":{"footnotes":""},"categories":[37],"tags":[],"class_list":["post-91485","post","type-post","status-publish","format-standard","has-post-thumbnail","","category-politike"],"_links":{"self":[{"href":"https:\/\/rdnews.al\/index.php\/wp-json\/wp\/v2\/posts\/91485","targetHints":{"allow":["GET"]}}],"collection":[{"href":"https:\/\/rdnews.al\/index.php\/wp-json\/wp\/v2\/posts"}],"about":[{"href":"https:\/\/rdnews.al\/index.php\/wp-json\/wp\/v2\/types\/post"}],"author":[{"embeddable":true,"href":"https:\/\/rdnews.al\/index.php\/wp-json\/wp\/v2\/users\/4"}],"replies":[{"embeddable":true,"href":"https:\/\/rdnews.al\/index.php\/wp-json\/wp\/v2\/comments?post=91485"}],"version-history":[{"count":2,"href":"https:\/\/rdnews.al\/index.php\/wp-json\/wp\/v2\/posts\/91485\/revisions"}],"predecessor-version":[{"id":91488,"href":"https:\/\/rdnews.al\/index.php\/wp-json\/wp\/v2\/posts\/91485\/revisions\/91488"}],"wp:featuredmedia":[{"embeddable":true,"href":"https:\/\/rdnews.al\/index.php\/wp-json\/wp\/v2\/media\/91486"}],"wp:attachment":[{"href":"https:\/\/rdnews.al\/index.php\/wp-json\/wp\/v2\/media?parent=91485"}],"wp:term":[{"taxonomy":"category","embeddable":true,"href":"https:\/\/rdnews.al\/index.php\/wp-json\/wp\/v2\/categories?post=91485"},{"taxonomy":"post_tag","embeddable":true,"href":"https:\/\/rdnews.al\/index.php\/wp-json\/wp\/v2\/tags?post=91485"}],"curies":[{"name":"wp","href":"https:\/\/api.w.org\/{rel}","templated":true}]}}