{"id":91496,"date":"2024-10-15T12:05:17","date_gmt":"2024-10-15T12:05:17","guid":{"rendered":"https:\/\/rdnews.al\/?p=91496"},"modified":"2024-10-15T12:05:17","modified_gmt":"2024-10-15T12:05:17","slug":"vota-e-diaspores-berisha-i-bej-thirrje-popullit-opozitar-qe-te-regjistrohen-dhe-te-flasin-me-voten-e-tyre","status":"publish","type":"post","link":"https:\/\/rdnews.al\/index.php\/2024\/10\/15\/vota-e-diaspores-berisha-i-bej-thirrje-popullit-opozitar-qe-te-regjistrohen-dhe-te-flasin-me-voten-e-tyre\/","title":{"rendered":"Vota e diaspor\u00ebs\/ Berisha: I b\u00ebj thirrje popullit opozitar q\u00eb t\u00eb regjistrohen dhe t\u00eb flasin me vot\u00ebn e tyre"},"content":{"rendered":"<p>Kryetari i PD, Sali Berisha u ka b\u00ebr\u00eb thirrje opozitar\u00ebve q\u00eb t\u00eb regjistrohen dhe t\u00eb votojn\u00eb nga kudo q\u00eb jan\u00eb.<\/p>\n<p>\u201cPartia Demokratike ishte promotore e k\u00ebtij procesi q\u00eb nga viti 2013.<\/p>\n<p>Natyrisht ky proces nuk \u00ebsht\u00eb i thjesht\u00eb, pse u vendos ligji.<\/p>\n<p>Por s\u00eb pari, do b\u00ebjm\u00eb gjith\u00e7ka q\u00eb ky proces t\u00eb jet\u00eb sa m\u00eb i zhd\u00ebrvjell\u00ebt dhe sa m\u00eb i mundsh\u00ebm p\u00ebr \u00e7do emigrant shqiptar.<\/p>\n<p>S\u00eb dyti, thirrja ime p\u00ebr popullin opozitar, p\u00ebr t\u00eb gjith\u00eb familjet opozitare, p\u00ebr t\u00eb gjith\u00eb qytetar\u00ebt, t\u00eb regjistroni njer\u00ebzit tuaj, adresat e tyre kudo q\u00eb jan\u00eb, n\u00eb m\u00ebnyr\u00eb q\u00eb t\u00eb b\u00ebjm\u00eb gjith\u00e7ka p\u00ebr t\u2019ua leht\u00ebsuar atyre procesin e votimit, t\u00eb flasin edhe me vot\u00eb.<\/p>\n<p>Pa diskutim q\u00eb partia do organizoj\u00eb grupet, ka vendosur lidhjet n\u00eb disa nga qendrat m\u00eb t\u00eb r\u00ebnd\u00ebsishme dhe do t\u00eb vazhdoj\u00eb me insistim duke e vler\u00ebsuar k\u00ebt\u00eb si nj\u00eb faktor shum\u00eb t\u00eb r\u00ebnd\u00ebsish\u00ebm zgjedhor p\u00ebr zgjedhjet e ardhshme\u201d, theksoi Berisha.<\/p>\n","protected":false},"excerpt":{"rendered":"<p>Kryetari i PD, Sali Berisha u ka b\u00ebr\u00eb thirrje opozitar\u00ebve q\u00eb t\u00eb regjistrohen dhe t\u00eb votojn\u00eb nga kudo q\u00eb jan\u00eb. \u201cPartia Demokratike ishte promotore e k\u00ebtij procesi q\u00eb nga viti 2013. Natyrisht ky proces nuk \u00ebsht\u00eb i thjesht\u00eb, pse u vendos ligji. Por s\u00eb pari, do b\u00ebjm\u00eb gjith\u00e7ka q\u00eb ky proces t\u00eb jet\u00eb sa m\u00eb &hellip;<\/p>\n","protected":false},"author":4,"featured_media":91480,"comment_status":"closed","ping_status":"closed","sticky":false,"template":"","format":"standard","meta":{"footnotes":""},"categories":[37],"tags":[],"class_list":["post-91496","post","type-post","status-publish","format-standard","has-post-thumbnail","","category-politike"],"_links":{"self":[{"href":"https:\/\/rdnews.al\/index.php\/wp-json\/wp\/v2\/posts\/91496","targetHints":{"allow":["GET"]}}],"collection":[{"href":"https:\/\/rdnews.al\/index.php\/wp-json\/wp\/v2\/posts"}],"about":[{"href":"https:\/\/rdnews.al\/index.php\/wp-json\/wp\/v2\/types\/post"}],"author":[{"embeddable":true,"href":"https:\/\/rdnews.al\/index.php\/wp-json\/wp\/v2\/users\/4"}],"replies":[{"embeddable":true,"href":"https:\/\/rdnews.al\/index.php\/wp-json\/wp\/v2\/comments?post=91496"}],"version-history":[{"count":1,"href":"https:\/\/rdnews.al\/index.php\/wp-json\/wp\/v2\/posts\/91496\/revisions"}],"predecessor-version":[{"id":91497,"href":"https:\/\/rdnews.al\/index.php\/wp-json\/wp\/v2\/posts\/91496\/revisions\/91497"}],"wp:featuredmedia":[{"embeddable":true,"href":"https:\/\/rdnews.al\/index.php\/wp-json\/wp\/v2\/media\/91480"}],"wp:attachment":[{"href":"https:\/\/rdnews.al\/index.php\/wp-json\/wp\/v2\/media?parent=91496"}],"wp:term":[{"taxonomy":"category","embeddable":true,"href":"https:\/\/rdnews.al\/index.php\/wp-json\/wp\/v2\/categories?post=91496"},{"taxonomy":"post_tag","embeddable":true,"href":"https:\/\/rdnews.al\/index.php\/wp-json\/wp\/v2\/tags?post=91496"}],"curies":[{"name":"wp","href":"https:\/\/api.w.org\/{rel}","templated":true}]}}