{"id":91498,"date":"2024-10-15T12:20:13","date_gmt":"2024-10-15T12:20:13","guid":{"rendered":"https:\/\/rdnews.al\/?p=91498"},"modified":"2024-10-15T12:20:13","modified_gmt":"2024-10-15T12:20:13","slug":"minimum-jetik-si-ne-be-berisha-mundesite-jane-te-plota-investimi-kryesor-do-te-jete-tek-njeriu","status":"publish","type":"post","link":"https:\/\/rdnews.al\/index.php\/2024\/10\/15\/minimum-jetik-si-ne-be-berisha-mundesite-jane-te-plota-investimi-kryesor-do-te-jete-tek-njeriu\/","title":{"rendered":"Minimum jetik si n\u00eb BE? Berisha: Mund\u00ebsit\u00eb jan\u00eb t\u00eb plota! Investimi kryesor do t\u00eb jet\u00eb tek njeriu"},"content":{"rendered":"<p>Kryetar i PD, Sali Berisha tha se, vendosja e minimumit jetik n\u00eb Shqip\u00ebri p\u00ebr f\u00ebmij\u00ebt nga 0 deri n\u00eb 18, do t\u00eb vendoset. Ai theksoi se, mund\u00ebsit\u00eb p\u00ebr vendosjen e k\u00ebtij minimumi jan\u00eb t\u00eb plota.<\/p>\n<p>\u201cP\u00ebrgjigja \u00ebsht\u00eb absolutisht pozitive.<\/p>\n<p>D.m.th, gjith\u00e7ka, investimi i par\u00eb dhe kryesor do jet\u00eb tek njeriu, nga i sapolinduri gjer te i moshuari.<\/p>\n<p>Ata q\u00eb dyshojn\u00eb, gabojn\u00eb.<\/p>\n<p>N\u00eb vitet kur PD ishte n\u00eb pushtet, ka pasur nj\u00eb buxhet sa gjysma e k\u00ebtij, se ne jemi parti e taksave t\u00eb ul\u00ebta, por ajo nuk na pengoi ne t\u00eb dyfishojm\u00eb rrogat, pensionet, list\u00ebn e barnave, ndihm\u00ebn ekonomike.<\/p>\n<p>E v\u00ebrteta \u00ebsht\u00eb q\u00eb mund\u00ebsit\u00eb jan\u00eb t\u00eb plota.<\/p>\n<p>K\u00ebshtu q\u00eb ne q\u00ebndrojm\u00eb n\u00eb mb\u00ebshtetjen n\u00eb radh\u00eb t\u00eb par\u00eb, n\u00eb qoft\u00eb se ne nuk ndalim n\u00eb krye t\u00eb rajonit p\u00ebr rrogat, pensionet, minimumin jetik, t\u00eb gjitha, ne ngadal\u00ebsojm\u00eb ecjen drejt t\u00eb ardhmes\u201d, tha Berisha.<\/p>\n","protected":false},"excerpt":{"rendered":"<p>Kryetar i PD, Sali Berisha tha se, vendosja e minimumit jetik n\u00eb Shqip\u00ebri p\u00ebr f\u00ebmij\u00ebt nga 0 deri n\u00eb 18, do t\u00eb vendoset. Ai theksoi se, mund\u00ebsit\u00eb p\u00ebr vendosjen e k\u00ebtij minimumi jan\u00eb t\u00eb plota. \u201cP\u00ebrgjigja \u00ebsht\u00eb absolutisht pozitive. D.m.th, gjith\u00e7ka, investimi i par\u00eb dhe kryesor do jet\u00eb tek njeriu, nga i sapolinduri gjer te &hellip;<\/p>\n","protected":false},"author":4,"featured_media":91490,"comment_status":"closed","ping_status":"closed","sticky":false,"template":"","format":"standard","meta":{"footnotes":""},"categories":[37],"tags":[],"class_list":["post-91498","post","type-post","status-publish","format-standard","has-post-thumbnail","","category-politike"],"_links":{"self":[{"href":"https:\/\/rdnews.al\/index.php\/wp-json\/wp\/v2\/posts\/91498","targetHints":{"allow":["GET"]}}],"collection":[{"href":"https:\/\/rdnews.al\/index.php\/wp-json\/wp\/v2\/posts"}],"about":[{"href":"https:\/\/rdnews.al\/index.php\/wp-json\/wp\/v2\/types\/post"}],"author":[{"embeddable":true,"href":"https:\/\/rdnews.al\/index.php\/wp-json\/wp\/v2\/users\/4"}],"replies":[{"embeddable":true,"href":"https:\/\/rdnews.al\/index.php\/wp-json\/wp\/v2\/comments?post=91498"}],"version-history":[{"count":1,"href":"https:\/\/rdnews.al\/index.php\/wp-json\/wp\/v2\/posts\/91498\/revisions"}],"predecessor-version":[{"id":91499,"href":"https:\/\/rdnews.al\/index.php\/wp-json\/wp\/v2\/posts\/91498\/revisions\/91499"}],"wp:featuredmedia":[{"embeddable":true,"href":"https:\/\/rdnews.al\/index.php\/wp-json\/wp\/v2\/media\/91490"}],"wp:attachment":[{"href":"https:\/\/rdnews.al\/index.php\/wp-json\/wp\/v2\/media?parent=91498"}],"wp:term":[{"taxonomy":"category","embeddable":true,"href":"https:\/\/rdnews.al\/index.php\/wp-json\/wp\/v2\/categories?post=91498"},{"taxonomy":"post_tag","embeddable":true,"href":"https:\/\/rdnews.al\/index.php\/wp-json\/wp\/v2\/tags?post=91498"}],"curies":[{"name":"wp","href":"https:\/\/api.w.org\/{rel}","templated":true}]}}