{"id":91500,"date":"2024-10-15T12:23:19","date_gmt":"2024-10-15T12:23:19","guid":{"rendered":"https:\/\/rdnews.al\/?p=91500"},"modified":"2024-10-15T12:23:44","modified_gmt":"2024-10-15T12:23:44","slug":"berisha-pavaresisht-se-kush-do-jete-pas-zgjedhjeve-ne-shtepine-e-bardhe-nuk-besoj-kurre-se-do-pranoje-te-trashegoje-akte-te-mafies-shqiptaro-amerikane","status":"publish","type":"post","link":"https:\/\/rdnews.al\/index.php\/2024\/10\/15\/berisha-pavaresisht-se-kush-do-jete-pas-zgjedhjeve-ne-shtepine-e-bardhe-nuk-besoj-kurre-se-do-pranoje-te-trashegoje-akte-te-mafies-shqiptaro-amerikane\/","title":{"rendered":"Pavar\u00ebsisht se kush do jet\u00eb pas zgjedhjeve n\u00eb Sht\u00ebpin\u00eb e Bardh\u00eb, nuk besoj kurr\u00eb se do pranoj\u00eb t\u00eb trash\u00ebgoj\u00eb akte t\u00eb mafies shqiptaro-amerikane"},"content":{"rendered":"<p>Kryetari i PD, Sali Berisha \u00ebsht\u00eb pyetur nga qytetar\u00ebt edhe p\u00ebr zgjedhjet n\u00eb SHBA. Berisha u shpreh se, PD nuk nd\u00ebrhyn\u00eb n\u00eb zgjedhjet amerikane, por \u2018pavar\u00ebsisht se kush do jet\u00eb pas zgjedhjeve n\u00eb Sht\u00ebpin\u00eb e Bardh\u00eb, nuk besoj kurr\u00eb se do pranoj\u00eb t\u00eb trash\u00ebgoj\u00eb akte t\u00eb mafies shqiptaro-amerikane\u2019.<\/p>\n<p>\u201cS\u00eb pari, lidhur me k\u00ebt\u00eb \u00e7\u00ebshtjen e rehabilitimit.<\/p>\n<p>Un\u00eb jam shqiptar, p\u00ebr mua rikthimi q\u00eb b\u00ebn\u00eb t\u00eb mundur shqiptar\u00ebt \u00ebsht\u00eb Everesti i jet\u00ebs sime.<\/p>\n<p>Tani, lidhur me zgjedhjet n\u00eb SHBA, PD nuk nd\u00ebrhyn n\u00eb zgjedhje, por an\u00ebtar\u00ebt dhe mb\u00ebshtet\u00ebsit e saj kudo q\u00eb jan\u00eb, e din\u00eb se PD \u00ebsht\u00eb e afiluar n\u00eb bashkimin nd\u00ebrkomb\u00ebtar demokrat me Partin\u00eb Republikane, e cila faktikisht e kryeson k\u00ebt\u00eb union.<\/p>\n<p>Ndaj dhe ata e kan\u00eb t\u00eb qart\u00eb q\u00eb mund t\u00eb votojn\u00eb p\u00ebr k\u00eb t\u00eb duan, por n\u00ebse kan\u00eb p\u00ebr baz\u00eb partin\u00eb, votojn\u00eb p\u00ebr Partin\u00eb Republikane, kandidat\u00ebt e saj.<\/p>\n<p>Un\u00eb kam besim, pavar\u00ebsisht se kush do jet\u00eb pas zgjedhjeve n\u00eb Sht\u00ebpin\u00eb e Bardh\u00eb, nuk besoj kurr\u00eb se do t\u00eb pranoj\u00eb t\u00eb trash\u00ebgoj\u00eb akte t\u00eb mafies shqiptaro-amerikane, t\u00eb cilat jan\u00eb n\u00eb \u00e7do aspekt t\u00eb turpshme\u201d, tha Berisha.<\/p>\n","protected":false},"excerpt":{"rendered":"<p>Kryetari i PD, Sali Berisha \u00ebsht\u00eb pyetur nga qytetar\u00ebt edhe p\u00ebr zgjedhjet n\u00eb SHBA. Berisha u shpreh se, PD nuk nd\u00ebrhyn\u00eb n\u00eb zgjedhjet amerikane, por \u2018pavar\u00ebsisht se kush do jet\u00eb pas zgjedhjeve n\u00eb Sht\u00ebpin\u00eb e Bardh\u00eb, nuk besoj kurr\u00eb se do pranoj\u00eb t\u00eb trash\u00ebgoj\u00eb akte t\u00eb mafies shqiptaro-amerikane\u2019. \u201cS\u00eb pari, lidhur me k\u00ebt\u00eb \u00e7\u00ebshtjen e &hellip;<\/p>\n","protected":false},"author":4,"featured_media":91483,"comment_status":"closed","ping_status":"closed","sticky":false,"template":"","format":"standard","meta":{"footnotes":""},"categories":[37],"tags":[],"class_list":["post-91500","post","type-post","status-publish","format-standard","has-post-thumbnail","","category-politike"],"_links":{"self":[{"href":"https:\/\/rdnews.al\/index.php\/wp-json\/wp\/v2\/posts\/91500","targetHints":{"allow":["GET"]}}],"collection":[{"href":"https:\/\/rdnews.al\/index.php\/wp-json\/wp\/v2\/posts"}],"about":[{"href":"https:\/\/rdnews.al\/index.php\/wp-json\/wp\/v2\/types\/post"}],"author":[{"embeddable":true,"href":"https:\/\/rdnews.al\/index.php\/wp-json\/wp\/v2\/users\/4"}],"replies":[{"embeddable":true,"href":"https:\/\/rdnews.al\/index.php\/wp-json\/wp\/v2\/comments?post=91500"}],"version-history":[{"count":2,"href":"https:\/\/rdnews.al\/index.php\/wp-json\/wp\/v2\/posts\/91500\/revisions"}],"predecessor-version":[{"id":91502,"href":"https:\/\/rdnews.al\/index.php\/wp-json\/wp\/v2\/posts\/91500\/revisions\/91502"}],"wp:featuredmedia":[{"embeddable":true,"href":"https:\/\/rdnews.al\/index.php\/wp-json\/wp\/v2\/media\/91483"}],"wp:attachment":[{"href":"https:\/\/rdnews.al\/index.php\/wp-json\/wp\/v2\/media?parent=91500"}],"wp:term":[{"taxonomy":"category","embeddable":true,"href":"https:\/\/rdnews.al\/index.php\/wp-json\/wp\/v2\/categories?post=91500"},{"taxonomy":"post_tag","embeddable":true,"href":"https:\/\/rdnews.al\/index.php\/wp-json\/wp\/v2\/tags?post=91500"}],"curies":[{"name":"wp","href":"https:\/\/api.w.org\/{rel}","templated":true}]}}