{"id":91503,"date":"2024-10-15T16:37:26","date_gmt":"2024-10-15T16:37:26","guid":{"rendered":"https:\/\/rdnews.al\/?p=91503"},"modified":"2024-10-15T16:37:35","modified_gmt":"2024-10-15T16:37:35","slug":"gjykata-e-larte-nen-urdhrat-e-rames-nuk-pranon-lirimin-e-salianjit","status":"publish","type":"post","link":"https:\/\/rdnews.al\/index.php\/2024\/10\/15\/gjykata-e-larte-nen-urdhrat-e-rames-nuk-pranon-lirimin-e-salianjit\/","title":{"rendered":"Gjykata e Lart\u00eb n\u00ebn urdhrat e Ram\u00ebs, nuk pranon lirimin e Salianjit"},"content":{"rendered":"<p>Gjykata e Lart\u00eb nuk ka marr\u00eb parasysh k\u00ebrkes\u00ebn e avokatit t\u00eb Ervin Salianjit duke l\u00ebn\u00eb n\u00eb fuqi vendimin e Apelit p\u00ebr ish deputetin demokrat.<\/p>\n<p>Gjykata ka vendosur,\u00a0\u201cmospranimin e k\u00ebrkes\u00ebs s\u00eb paraqitur nga k\u00ebrkuesi Ervin Salianji, p\u00ebr Pezullimin e vendimit nr.2900 dat\u00eb 18.12.2019, t\u00eb Gjykat\u00ebs s\u00eb Rrethit Gjyqesor Tiran\u00eb, l\u00ebn\u00eb n\u00eb fuqi me vendimin nr. 30-2024-6822, dat\u00eb 26.09.2024 t\u00eb Gjykat\u00ebs s\u00eb Apelit t\u00eb Juridiksionit t\u00eb P\u00ebrgjithsh\u00ebm, Tirane&#8221;\u201d.<\/p>\n<p>Gjykata e Lart\u00eb rr\u00ebzoi k\u00ebrkes\u00ebn e deputetit demokrat Ervin Salianji p\u00ebr pezullimin e d\u00ebnimit me burg. Tre gjyqtar\u00ebt Sokol Binaj, Sand\u00ebr Simoni dhe Ilir Panda, refuzuan lirimin e Salianjit i cili do vazhdoj\u00eb t\u00eb q\u00ebndroj\u00eb n\u00eb burgun e Fierit ku ka p\u00ebr t\u00eb vuajtur d\u00ebnimin me 1 vit burg, dh\u00ebn\u00eb nga Gjykata e Apelit me Juridiksion t\u00eb P\u00ebrgjthsh\u00ebm.<\/p>\n<p>Tashm\u00eb pritetet q\u00eb n\u00eb Gjykat\u00ebn e Lart\u00eb mbrojtja e deputetit t\u00eb b\u00ebj\u00eb rekurs, ndaj vendimit t\u00eb 26 shtetorit, t\u00eb cilin e kan\u00eb konsideruar si politkk.<\/p>\n<p>Mbrojtja e Salianjit kishte depozituar nj\u00eb mori argumentash mbi t\u00eb cilat k\u00ebrkonte pezullimin e d\u00ebnimit t\u00eb dat\u00ebs 18.12.2019 t\u00eb Gjykat\u00ebs s\u00eb Shkall\u00ebs s\u00eb Par\u00eb q\u00eb u la n\u00eb fuqi m\u00eb 26 shtator t\u00eb k\u00ebtij viti nga Apeli. Sipas mbrojtjes, ekzekutimi i d\u00ebnimit \u00ebsht\u00eb b\u00ebr\u00eb n\u00eb munges\u00eb t\u00eb arsyetimit t\u00eb vendimit\u2013 Shkelje e Nenit 142\/1 t\u00eb Kushtetut\u00ebs s\u00eb Shqip\u00ebris\u00eb. Procesin ndaj Salianjit e konsideruan si c\u00ebnim t\u00eb t\u00eb parimit t\u00eb shtetit t\u00eb s\u00eb drejt\u00ebs dhe t\u00eb drejt\u00ebs p\u00ebr nj\u00eb proces t\u00eb rregullt ligjor (sipas KEDNJ). M\u00eb tej avokat\u00ebt e deputetit thon\u00eb se drejt\u00ebsia po ndikon me vendimarrjet e saj edhe n\u00eb t\u00eb ardhmen politile t\u00eb Salianjit, n\u00eb nj\u00eb koh\u00eb kur ai drejton fushat\u00ebn elektorale n\u00eb zon\u00ebn e Elbasanit p\u00ebr Partin\u00eb Demokratike<\/p>\n<p>Avolat\u00ebt thon\u00eb se \u00ebsht\u00eb shkelur gjithashtu Parimi i Proporcionalitetit \u2013 Shkelje e nenit 17 t\u00eb Kushtetut\u00ebs dhe nenit 10 t\u00eb KEDNJ-s\u00eb, \u00ebsht\u00eb vendosur heqja e liris\u00eb s\u00eb shprehjes s\u00eb deputetit si dhe d\u00ebnimi shton ajo konsiston me humbjen e q\u00ebllimit t\u00eb d\u00ebnimit me burgim.<\/p>\n","protected":false},"excerpt":{"rendered":"<p>Gjykata e Lart\u00eb nuk ka marr\u00eb parasysh k\u00ebrkes\u00ebn e avokatit t\u00eb Ervin Salianjit duke l\u00ebn\u00eb n\u00eb fuqi vendimin e Apelit p\u00ebr ish deputetin demokrat. Gjykata ka vendosur,\u00a0\u201cmospranimin e k\u00ebrkes\u00ebs s\u00eb paraqitur nga k\u00ebrkuesi Ervin Salianji, p\u00ebr Pezullimin e vendimit nr.2900 dat\u00eb 18.12.2019, t\u00eb Gjykat\u00ebs s\u00eb Rrethit Gjyqesor Tiran\u00eb, l\u00ebn\u00eb n\u00eb fuqi me vendimin nr. 30-2024-6822, &hellip;<\/p>\n","protected":false},"author":4,"featured_media":90024,"comment_status":"closed","ping_status":"closed","sticky":false,"template":"","format":"standard","meta":{"footnotes":""},"categories":[37],"tags":[],"class_list":["post-91503","post","type-post","status-publish","format-standard","has-post-thumbnail","","category-politike"],"_links":{"self":[{"href":"https:\/\/rdnews.al\/index.php\/wp-json\/wp\/v2\/posts\/91503","targetHints":{"allow":["GET"]}}],"collection":[{"href":"https:\/\/rdnews.al\/index.php\/wp-json\/wp\/v2\/posts"}],"about":[{"href":"https:\/\/rdnews.al\/index.php\/wp-json\/wp\/v2\/types\/post"}],"author":[{"embeddable":true,"href":"https:\/\/rdnews.al\/index.php\/wp-json\/wp\/v2\/users\/4"}],"replies":[{"embeddable":true,"href":"https:\/\/rdnews.al\/index.php\/wp-json\/wp\/v2\/comments?post=91503"}],"version-history":[{"count":2,"href":"https:\/\/rdnews.al\/index.php\/wp-json\/wp\/v2\/posts\/91503\/revisions"}],"predecessor-version":[{"id":91505,"href":"https:\/\/rdnews.al\/index.php\/wp-json\/wp\/v2\/posts\/91503\/revisions\/91505"}],"wp:featuredmedia":[{"embeddable":true,"href":"https:\/\/rdnews.al\/index.php\/wp-json\/wp\/v2\/media\/90024"}],"wp:attachment":[{"href":"https:\/\/rdnews.al\/index.php\/wp-json\/wp\/v2\/media?parent=91503"}],"wp:term":[{"taxonomy":"category","embeddable":true,"href":"https:\/\/rdnews.al\/index.php\/wp-json\/wp\/v2\/categories?post=91503"},{"taxonomy":"post_tag","embeddable":true,"href":"https:\/\/rdnews.al\/index.php\/wp-json\/wp\/v2\/tags?post=91503"}],"curies":[{"name":"wp","href":"https:\/\/api.w.org\/{rel}","templated":true}]}}