{"id":91506,"date":"2024-10-15T16:41:16","date_gmt":"2024-10-15T16:41:16","guid":{"rendered":"https:\/\/rdnews.al\/?p=91506"},"modified":"2024-10-15T16:44:59","modified_gmt":"2024-10-15T16:44:59","slug":"kaso-vendimi-i-gjykates-se-larte-per-salianjin-nje-ridenim-politik","status":"publish","type":"post","link":"https:\/\/rdnews.al\/index.php\/2024\/10\/15\/kaso-vendimi-i-gjykates-se-larte-per-salianjin-nje-ridenim-politik\/","title":{"rendered":"Kaso: Vendimi i Gjykat\u00ebs s\u00eb Lart\u00eb p\u00ebr Salianjin nj\u00eb rid\u00ebnim politik!"},"content":{"rendered":"<p>Sekretari p\u00ebr \u00c7\u00ebshtjet Ligjore n\u00eb PD, Ivi Kaso mbajti nj\u00eb deklarat\u00eb n\u00eb lidhje me vendimin e Gjykat\u00ebs s\u00eb Lart\u00eb p\u00ebr k\u00ebrkes\u00ebn e deputeti demokrat, Ervin Salianji, duke l\u00ebn\u00eb n\u00eb fuqi vendimin e Gjykat\u00ebs s\u00eb Apelit.<\/p>\n<p>Kaso tha se, Partia Demokratike e konsideron si rid\u00ebnim t\u00eb deputetit demokrat Ervin Salianji vendimin e Gjykat\u00ebs s\u00eb Lart\u00eb t\u00eb marr\u00eb sot n\u00eb presionin dhe urdhrat e Edi Ram\u00ebs.<\/p>\n<p><strong>DEKLARAT\u00cb P\u00cbR MEDIA SEKRETARI P\u00cbR \u00c7\u00cbSHTJET LIGJORE N\u00cb PD, IVI KASO<\/strong><\/p>\n<p>Partia Demokratike e konsideron si rid\u00ebnim t\u00eb deputetit demokrat Ervin Salianji vendimin e Gjykat\u00ebs s\u00eb Lart\u00eb t\u00eb marr\u00eb sot n\u00eb presionin dhe urdhrat e Edi Ram\u00ebs.<\/p>\n<p>Kund\u00ebr nj\u00eb vendimi t\u00eb paligjsh\u00ebm dhe politikisht t\u00eb motivuar, trupa e Gjykat\u00ebs s\u00eb Lart\u00eb, as u ngrit n\u00eb lart\u00ebsin\u00eb e detyr\u00ebs dhe as nuk i sh\u00ebrbeu balancave nd\u00ebrmjet pushteve n\u00eb Shqip\u00ebri t\u00eb cilat i ka fshir\u00eb Edi Rama me nj\u00eb t\u00eb r\u00ebn\u00eb t\u00eb lapsit.<\/p>\n<p>Mbajtja n\u00eb burg e n\u00ebnkryetarit t\u00eb grupit parlamentar demokrat \u00ebsht\u00eb nj\u00eb medalje p\u00ebr t\u00eb dhe opozitar\u00ebt, dhe nj\u00eb njoll\u00eb turpi p\u00ebr qeverin\u00eb dhe gjykatat e saj, t\u00eb cilat e kan\u00eb kthyer p\u00ebrndjekjen e eksponent\u00ebve t\u00eb opozit\u00ebs n\u00eb gjueti shtrigash.<\/p>\n<p>Partia Demokratike shpreh edhe nj\u00ebhere mb\u00ebshtetjen p\u00ebr deputetin e saj dhe p\u00eb cdo z\u00eb opozitar q\u00eb ngrihet kund\u00ebr regjimit.<\/p>\n<p>PD thekson se nuk ka paqe pa lirimin e t\u00eb gjith\u00eb opozitar\u00ebve t\u00eb mbajtur padrejt\u00ebsisht n\u00eb izolim ose n\u00eb qeli.<\/p>\n<p>Sh\u00ebrb\u00ebtor\u00ebt e Edi Ram\u00ebs dhe Fatmir Xhafajt n\u00eb gjyq\u00ebsor nuk mund ta heshtin opozit\u00ebn dhe as ta detyrojn\u00eb at\u00eb q\u00eb, ashtu si ata, t\u00eb shnd\u00ebrrohet n\u00eb ankes t\u00eb pushtetit.<\/p>\n","protected":false},"excerpt":{"rendered":"<p>Sekretari p\u00ebr \u00c7\u00ebshtjet Ligjore n\u00eb PD, Ivi Kaso mbajti nj\u00eb deklarat\u00eb n\u00eb lidhje me vendimin e Gjykat\u00ebs s\u00eb Lart\u00eb p\u00ebr k\u00ebrkes\u00ebn e deputeti demokrat, Ervin Salianji, duke l\u00ebn\u00eb n\u00eb fuqi vendimin e Gjykat\u00ebs s\u00eb Apelit. Kaso tha se, Partia Demokratike e konsideron si rid\u00ebnim t\u00eb deputetit demokrat Ervin Salianji vendimin e Gjykat\u00ebs s\u00eb Lart\u00eb t\u00eb &hellip;<\/p>\n","protected":false},"author":4,"featured_media":91508,"comment_status":"closed","ping_status":"closed","sticky":false,"template":"","format":"standard","meta":{"footnotes":""},"categories":[37],"tags":[],"class_list":["post-91506","post","type-post","status-publish","format-standard","has-post-thumbnail","","category-politike"],"_links":{"self":[{"href":"https:\/\/rdnews.al\/index.php\/wp-json\/wp\/v2\/posts\/91506","targetHints":{"allow":["GET"]}}],"collection":[{"href":"https:\/\/rdnews.al\/index.php\/wp-json\/wp\/v2\/posts"}],"about":[{"href":"https:\/\/rdnews.al\/index.php\/wp-json\/wp\/v2\/types\/post"}],"author":[{"embeddable":true,"href":"https:\/\/rdnews.al\/index.php\/wp-json\/wp\/v2\/users\/4"}],"replies":[{"embeddable":true,"href":"https:\/\/rdnews.al\/index.php\/wp-json\/wp\/v2\/comments?post=91506"}],"version-history":[{"count":1,"href":"https:\/\/rdnews.al\/index.php\/wp-json\/wp\/v2\/posts\/91506\/revisions"}],"predecessor-version":[{"id":91507,"href":"https:\/\/rdnews.al\/index.php\/wp-json\/wp\/v2\/posts\/91506\/revisions\/91507"}],"wp:featuredmedia":[{"embeddable":true,"href":"https:\/\/rdnews.al\/index.php\/wp-json\/wp\/v2\/media\/91508"}],"wp:attachment":[{"href":"https:\/\/rdnews.al\/index.php\/wp-json\/wp\/v2\/media?parent=91506"}],"wp:term":[{"taxonomy":"category","embeddable":true,"href":"https:\/\/rdnews.al\/index.php\/wp-json\/wp\/v2\/categories?post=91506"},{"taxonomy":"post_tag","embeddable":true,"href":"https:\/\/rdnews.al\/index.php\/wp-json\/wp\/v2\/tags?post=91506"}],"curies":[{"name":"wp","href":"https:\/\/api.w.org\/{rel}","templated":true}]}}