{"id":91509,"date":"2024-10-15T16:47:59","date_gmt":"2024-10-15T16:47:59","guid":{"rendered":"https:\/\/rdnews.al\/?p=91509"},"modified":"2024-10-15T16:47:59","modified_gmt":"2024-10-15T16:47:59","slug":"teliti-te-gjithe-ne-kembe-te-kthejme-shqiperine-ne-rrugen-e-duhur","status":"publish","type":"post","link":"https:\/\/rdnews.al\/index.php\/2024\/10\/15\/teliti-te-gjithe-ne-kembe-te-kthejme-shqiperine-ne-rrugen-e-duhur\/","title":{"rendered":"Teliti: T\u00eb gjith\u00eb n\u00eb k\u00ebmb\u00eb t\u00eb kthejm\u00eb Shqip\u00ebrin\u00eb n\u00eb rrug\u00ebn e duhur!"},"content":{"rendered":"<p>Koordinatori p\u00ebr Programin Ekonomik n\u00eb PD, Dorjan Teliti, ngre alarmin q\u00eb negociator\u00ebt e integrimit nuk mund t\u00eb jen\u00eb kurrsesi p\u00ebrgjegj\u00ebsit e gjendjes alarmante, t\u00eb kriz\u00ebs, t\u00eb braktisjes s\u00eb shqiptar\u00ebve.<\/p>\n<p>Sipas Telitit zgjidhja \u00ebsht\u00eb ndryshimi politik me zgjedhje t\u00eb lira e t\u00eb ndershme t\u00eb organizuara nga nj\u00eb qeveri teknike.<\/p>\n<p><strong>M\u00eb posht\u00eb statusi i Telitit<\/strong><\/p>\n<p>Pas 11 vitesh t\u00eb humbura n\u0113 rrug\u00ebtimin ton\u00eb p\u00ebr tu integruar n\u00eb BE, fatkeq\u00ebsisht sot hallet dhe problemet e njer\u00ebzve jan\u00eb n\u00eb kulmin e tyre m\u00eb t\u00eb trisht\u00eb.<\/p>\n<p>Kush do negocioj\u00eb p\u00ebr t\u00eb zhdukur varf\u00ebrin\u00eb e mbi 700mij\u00eb pensionist\u00ebve? Ata q\u00eb mashtruan pensionist\u00ebt me gjoja indeksimet?<\/p>\n<p>Kush do negocioj\u00eb p\u00ebr 47% t\u00eb f\u00ebmij\u00ebve shqiptare q\u00eb sot sipas Unicef jan\u00eb t\u00eb kequshqyer? Ata q\u00eb i p\u00ebrcmuan e i braktis\u00ebn k\u00ebto vite familjet nevojtare apo ata q\u00eb lejuan rritjen e cmendur t\u00eb cmimeve t\u00eb ushqimeve baz\u00eb?<\/p>\n<p>Kush do negocioj\u00eb p\u00ebr qindra e mij\u00ebra sip\u00ebrmarrjet q\u00eb kan\u00eb falimentuar n\u00eb k\u00ebto vite dhe humbjen e vendeve t\u00eb pun\u00ebs? Ata q\u00eb rrit\u00ebn taksat dhe d\u00ebrguan taksidar\u00ebt e uritur n\u00eb dyert e bizneseve?<\/p>\n<p>Kush do negocioj\u00eb p\u00ebr ilacet jetike q\u00eb mungojn\u00eb n\u00eb spitalet shqiptare? Ata q\u00eb abuzuan qindra milion\u00eb euro n\u00eb PPP-t\u00eb klienteliste e korruptive t\u00eb sh\u00ebndet\u00ebsis\u00eb?<\/p>\n<p>Kush do negocioj\u00eb p\u00ebr arsimin dhe klasat me dy turne? Ata q\u00eb gropos\u00ebn arsimin andej nga fundi n\u00eb renditjen nd\u00ebrkomb\u00ebtare?<\/p>\n<p>Kush do negocioj\u00eb p\u00ebr fermerin e braktisur q\u00eb hedh produktet n\u00eb kanal? Ata q\u00eb nuk dhan\u00eb subvencionet e duhura ashtu sic b\u00ebjn\u00eb vendet e tjera t\u00eb rajonit?<\/p>\n<p>Kush do negocioj\u00eb p\u00ebr drejt\u00ebsin\u00eb q\u00eb drejt\u00ebsi nuk b\u00ebn ndaj pushtetar\u00ebve t\u00eb korruptuar, por padrejt\u00ebsisht arreston Liderin e Opozit\u00ebs dhe eksponent\u00ebt e saj? Ata q\u00eb drejt\u00ebsin\u00eb e konsiderojn\u00eb si sektor t\u00eb qeverisjes, apo ata q\u00eb nuk pyesin p\u00ebr vendimet e Gjykat\u00ebs Kushtetuese?<\/p>\n<p>Kush do negocioj\u00eb p\u00ebr 1 milion\u00eb shqiptaret q\u00eb morr\u00ebn arratin\u00eb rrug\u00ebve t\u00eb Europ\u00ebs k\u00ebto vite? Ata q\u00eb shuan q\u00ebllimisht cdo shpres\u00eb p\u00ebr nj\u00eb jetes\u00eb normale k\u00ebtu n\u00eb Shqip\u00ebri?<\/p>\n<p>Nj\u00eb gj\u00eb \u00ebsht\u00eb e sigurt, negociator\u00ebt p\u00ebr integrimin n\u00eb BE nuk mund t\u00eb jen\u00eb shkaktar\u00ebt e k\u00ebsaj gjendjeje alarmante.<\/p>\n<p>Ndaj duhet ndryshimi, ndaj duhet vota e lir\u00eb, ndaj duhet qeveria teknike.<\/p>\n<p>T\u00eb gjith\u00eb n\u00eb k\u00ebmb\u00eb t\u00eb kthejm\u00eb Shqip\u00ebrin\u00eb n\u00eb rrug\u00ebn e duhur.<\/p>\n","protected":false},"excerpt":{"rendered":"<p>Koordinatori p\u00ebr Programin Ekonomik n\u00eb PD, Dorjan Teliti, ngre alarmin q\u00eb negociator\u00ebt e integrimit nuk mund t\u00eb jen\u00eb kurrsesi p\u00ebrgjegj\u00ebsit e gjendjes alarmante, t\u00eb kriz\u00ebs, t\u00eb braktisjes s\u00eb shqiptar\u00ebve. Sipas Telitit zgjidhja \u00ebsht\u00eb ndryshimi politik me zgjedhje t\u00eb lira e t\u00eb ndershme t\u00eb organizuara nga nj\u00eb qeveri teknike. M\u00eb posht\u00eb statusi i Telitit Pas 11 &hellip;<\/p>\n","protected":false},"author":4,"featured_media":73583,"comment_status":"closed","ping_status":"closed","sticky":false,"template":"","format":"standard","meta":{"footnotes":""},"categories":[37],"tags":[],"class_list":["post-91509","post","type-post","status-publish","format-standard","has-post-thumbnail","","category-politike"],"_links":{"self":[{"href":"https:\/\/rdnews.al\/index.php\/wp-json\/wp\/v2\/posts\/91509","targetHints":{"allow":["GET"]}}],"collection":[{"href":"https:\/\/rdnews.al\/index.php\/wp-json\/wp\/v2\/posts"}],"about":[{"href":"https:\/\/rdnews.al\/index.php\/wp-json\/wp\/v2\/types\/post"}],"author":[{"embeddable":true,"href":"https:\/\/rdnews.al\/index.php\/wp-json\/wp\/v2\/users\/4"}],"replies":[{"embeddable":true,"href":"https:\/\/rdnews.al\/index.php\/wp-json\/wp\/v2\/comments?post=91509"}],"version-history":[{"count":1,"href":"https:\/\/rdnews.al\/index.php\/wp-json\/wp\/v2\/posts\/91509\/revisions"}],"predecessor-version":[{"id":91510,"href":"https:\/\/rdnews.al\/index.php\/wp-json\/wp\/v2\/posts\/91509\/revisions\/91510"}],"wp:featuredmedia":[{"embeddable":true,"href":"https:\/\/rdnews.al\/index.php\/wp-json\/wp\/v2\/media\/73583"}],"wp:attachment":[{"href":"https:\/\/rdnews.al\/index.php\/wp-json\/wp\/v2\/media?parent=91509"}],"wp:term":[{"taxonomy":"category","embeddable":true,"href":"https:\/\/rdnews.al\/index.php\/wp-json\/wp\/v2\/categories?post=91509"},{"taxonomy":"post_tag","embeddable":true,"href":"https:\/\/rdnews.al\/index.php\/wp-json\/wp\/v2\/tags?post=91509"}],"curies":[{"name":"wp","href":"https:\/\/api.w.org\/{rel}","templated":true}]}}