{"id":91593,"date":"2024-10-16T11:05:44","date_gmt":"2024-10-16T11:05:44","guid":{"rendered":"https:\/\/rdnews.al\/?p=91593"},"modified":"2024-10-16T11:05:44","modified_gmt":"2024-10-16T11:05:44","slug":"kryetari-i-pd-vlore-kerkese-per-mbledhje-te-jashtezakonshme-te-keshillit-te-bashkise","status":"publish","type":"post","link":"https:\/\/rdnews.al\/index.php\/2024\/10\/16\/kryetari-i-pd-vlore-kerkese-per-mbledhje-te-jashtezakonshme-te-keshillit-te-bashkise\/","title":{"rendered":"Kryetari i PD Vlor\u00eb, k\u00ebrkes\u00eb p\u00ebr mbledhje t\u00eb jasht\u00ebzakonshme t\u00eb K\u00ebshillit t\u00eb Bashkis\u00eb"},"content":{"rendered":"<p>Kryetari i PD Dega Vlor\u00eb, Atird Hoxha, nj\u00ebherazi dhe kryetari i grupit t\u00eb k\u00ebshilltar\u00ebve dhe k\u00ebshilltar\u00ebt e tjer\u00eb t\u00eb opozit\u00ebs kan\u00eb depozituar k\u00ebrkes\u00eb p\u00ebr mbajtjen e nj\u00eb mbledhje t\u00eb jasht\u00ebzakonshme t\u00eb K\u00ebshillit t\u00eb Bashkis\u00eb Vlor\u00eb.<\/p>\n<p>\u00c7\u00ebshtjet q\u00eb k\u00ebrkohet t\u00eb trajtohen jan\u00eb:<\/p>\n<ol>\n<li>Shkaqet e p\u00ebrmbytjeve masive dhe p\u00ebrgjegj\u00ebsit\u00eb p\u00ebrkat\u00ebse;<\/li>\n<li>Masat e nd\u00ebrmarra p\u00ebr minimizimin e pasojave t\u00eb kriz\u00ebs s\u00eb shkaktuar nga p\u00ebrmbytjet;<\/li>\n<li>Transparenc\u00ebn n\u00eb p\u00ebrdorimin e fondeve t\u00eb destinuara p\u00ebr mir\u00ebmbajtjen e sistemit t\u00eb kanalizimeve, kolektor\u00ebve dhe hidrovor\u00ebve.<\/li>\n<li>Evidentimi dhe d\u00ebmshp\u00ebrblimi i d\u00ebmeve t\u00eb shkaktuara qytetar\u00ebve dhe biznesit.<\/li>\n<\/ol>\n<p>Ky \u00ebsht\u00eb hapi i rradh\u00ebs pas atij t\u00eb nj\u00eb jav\u00eb me par\u00eb, ku Kryetari i PD-\u00ebs Vlor\u00eb, Z.Atird Hoxha, depozitoi n\u00eb Prokurori kallzim penal p\u00ebr vepr\u00ebn penale \u201cShp\u00ebrodrimi i detyr\u00ebs\u201d.<\/p>\n<p>N\u00eb k\u00ebt\u00eb koh\u00eb sfiduese, opozita dhe un\u00eb si deputet p\u00ebrfaqesues i Qarkut Vlor\u00eb, q\u00ebndrojm\u00eb n\u00eb krah t\u00eb qytetar\u00ebve dhe jemi t\u00eb p\u00ebrkushtuar p\u00ebr t\u00eb garantuar q\u00eb z\u00ebri dhe shqet\u00ebsimet e tyre t\u00eb d\u00ebgjohen dhe t\u00eb trajtohen me seriozitetin e duhur.<\/p>\n<p><img loading=\"lazy\" decoding=\"async\" class=\"alignnone size-medium wp-image-91595\" src=\"https:\/\/rdnews.al\/wp-content\/uploads\/2024\/10\/1-2-220x300.jpg\" alt=\"\" width=\"220\" height=\"300\" srcset=\"https:\/\/rdnews.al\/wp-content\/uploads\/2024\/10\/1-2-220x300.jpg 220w, https:\/\/rdnews.al\/wp-content\/uploads\/2024\/10\/1-2.jpg 703w\" sizes=\"auto, (max-width: 220px) 100vw, 220px\" \/><\/p>\n","protected":false},"excerpt":{"rendered":"<p>Kryetari i PD Dega Vlor\u00eb, Atird Hoxha, nj\u00ebherazi dhe kryetari i grupit t\u00eb k\u00ebshilltar\u00ebve dhe k\u00ebshilltar\u00ebt e tjer\u00eb t\u00eb opozit\u00ebs kan\u00eb depozituar k\u00ebrkes\u00eb p\u00ebr mbajtjen e nj\u00eb mbledhje t\u00eb jasht\u00ebzakonshme t\u00eb K\u00ebshillit t\u00eb Bashkis\u00eb Vlor\u00eb. \u00c7\u00ebshtjet q\u00eb k\u00ebrkohet t\u00eb trajtohen jan\u00eb: Shkaqet e p\u00ebrmbytjeve masive dhe p\u00ebrgjegj\u00ebsit\u00eb p\u00ebrkat\u00ebse; Masat e nd\u00ebrmarra p\u00ebr minimizimin e pasojave &hellip;<\/p>\n","protected":false},"author":4,"featured_media":91594,"comment_status":"closed","ping_status":"closed","sticky":false,"template":"","format":"standard","meta":{"footnotes":""},"categories":[37],"tags":[],"class_list":["post-91593","post","type-post","status-publish","format-standard","has-post-thumbnail","","category-politike"],"_links":{"self":[{"href":"https:\/\/rdnews.al\/index.php\/wp-json\/wp\/v2\/posts\/91593","targetHints":{"allow":["GET"]}}],"collection":[{"href":"https:\/\/rdnews.al\/index.php\/wp-json\/wp\/v2\/posts"}],"about":[{"href":"https:\/\/rdnews.al\/index.php\/wp-json\/wp\/v2\/types\/post"}],"author":[{"embeddable":true,"href":"https:\/\/rdnews.al\/index.php\/wp-json\/wp\/v2\/users\/4"}],"replies":[{"embeddable":true,"href":"https:\/\/rdnews.al\/index.php\/wp-json\/wp\/v2\/comments?post=91593"}],"version-history":[{"count":1,"href":"https:\/\/rdnews.al\/index.php\/wp-json\/wp\/v2\/posts\/91593\/revisions"}],"predecessor-version":[{"id":91596,"href":"https:\/\/rdnews.al\/index.php\/wp-json\/wp\/v2\/posts\/91593\/revisions\/91596"}],"wp:featuredmedia":[{"embeddable":true,"href":"https:\/\/rdnews.al\/index.php\/wp-json\/wp\/v2\/media\/91594"}],"wp:attachment":[{"href":"https:\/\/rdnews.al\/index.php\/wp-json\/wp\/v2\/media?parent=91593"}],"wp:term":[{"taxonomy":"category","embeddable":true,"href":"https:\/\/rdnews.al\/index.php\/wp-json\/wp\/v2\/categories?post=91593"},{"taxonomy":"post_tag","embeddable":true,"href":"https:\/\/rdnews.al\/index.php\/wp-json\/wp\/v2\/tags?post=91593"}],"curies":[{"name":"wp","href":"https:\/\/api.w.org\/{rel}","templated":true}]}}